{"id":20024,"date":"2022-04-06T14:11:55","date_gmt":"2022-04-06T19:11:55","guid":{"rendered":"https:\/\/a3noticias.com.mx\/sandbox\/?p=20024"},"modified":"2022-04-06T14:11:57","modified_gmt":"2022-04-06T19:11:57","slug":"queretaro-podria-eliminar-el-uso-obligatorio-de-cubrebocas","status":"publish","type":"post","link":"https:\/\/a3noticias.com.mx\/sandbox\/2022\/04\/06\/queretaro-podria-eliminar-el-uso-obligatorio-de-cubrebocas\/","title":{"rendered":"Quer\u00e9taro podr\u00eda eliminar el uso obligatorio de cubrebocas."},"content":{"rendered":"\n<p>Martina P\u00e9rez Rend\u00f3n, titular de la Secretar\u00eda de Salud en el Estado, apunt\u00f3 que el pr\u00f3ximo viernes se dar\u00e1n a conocer las nuevas disposiciones con respecto al manejo de la pandemia de Covid-19. Entre ello, resaltan los lineamientos puntuales para identificar d\u00f3nde ser\u00e1 obligatorio el uso del cubrebocas.<\/p>\n\n\n\n<blockquote class=\"wp-block-quote is-layout-flow wp-block-quote-is-layout-flow\"><p>\u201cMuy probablemente el viernes se est\u00e9 emitiendo un lineamiento donde ya hacemos una recomendaci\u00f3n muy puntual de en d\u00f3nde utilizar el cubrebocas\u201d.<\/p><\/blockquote>\n\n\n\n<p>Lo anterior debido a que algunos estados han eliminado el uso obligatorio de esta medida, adem\u00e1s de la baja de contagios de la enfermedad.&nbsp;<\/p>\n\n\n\n<p>Es importante recordar que incluso el gobernador del estado, Mauricio Kuri Gonz\u00e1lez, se pronunci\u00f3 hace unas semanas a favor de dejar de exigir el cubrebocas en espacios p\u00fablicos.<\/p>\n","protected":false},"excerpt":{"rendered":"<p>Martina P\u00e9rez Rend\u00f3n, titular de la Secretar\u00eda de Salud en el Estado, apunt\u00f3 que el pr\u00f3ximo viernes se dar\u00e1n a conocer las nuevas disposiciones con respecto al manejo de la &hellip; <a href=\"https:\/\/a3noticias.com.mx\/sandbox\/2022\/04\/06\/queretaro-podria-eliminar-el-uso-obligatorio-de-cubrebocas\/\" class=\"more-link\">Leer m\u00e1s<\/a><\/p>\n","protected":false},"author":2,"featured_media":17643,"comment_status":"open","ping_status":"open","sticky":false,"template":"","format":"standard","meta":{"_monsterinsights_skip_tracking":false,"_monsterinsights_sitenote_active":false,"_monsterinsights_sitenote_note":"","_monsterinsights_sitenote_category":0,"footnotes":""},"categories":[2],"tags":[],"class_list":["post-20024","post","type-post","status-publish","format-standard","has-post-thumbnail","hentry","category-qro","entry"],"aioseo_notices":[],"_links":{"self":[{"href":"https:\/\/a3noticias.com.mx\/sandbox\/wp-json\/wp\/v2\/posts\/20024","targetHints":{"allow":["GET"]}}],"collection":[{"href":"https:\/\/a3noticias.com.mx\/sandbox\/wp-json\/wp\/v2\/posts"}],"about":[{"href":"https:\/\/a3noticias.com.mx\/sandbox\/wp-json\/wp\/v2\/types\/post"}],"author":[{"embeddable":true,"href":"https:\/\/a3noticias.com.mx\/sandbox\/wp-json\/wp\/v2\/users\/2"}],"replies":[{"embeddable":true,"href":"https:\/\/a3noticias.com.mx\/sandbox\/wp-json\/wp\/v2\/comments?post=20024"}],"version-history":[{"count":1,"href":"https:\/\/a3noticias.com.mx\/sandbox\/wp-json\/wp\/v2\/posts\/20024\/revisions"}],"predecessor-version":[{"id":20025,"href":"https:\/\/a3noticias.com.mx\/sandbox\/wp-json\/wp\/v2\/posts\/20024\/revisions\/20025"}],"wp:featuredmedia":[{"embeddable":true,"href":"https:\/\/a3noticias.com.mx\/sandbox\/wp-json\/wp\/v2\/media\/17643"}],"wp:attachment":[{"href":"https:\/\/a3noticias.com.mx\/sandbox\/wp-json\/wp\/v2\/media?parent=20024"}],"wp:term":[{"taxonomy":"category","embeddable":true,"href":"https:\/\/a3noticias.com.mx\/sandbox\/wp-json\/wp\/v2\/categories?post=20024"},{"taxonomy":"post_tag","embeddable":true,"href":"https:\/\/a3noticias.com.mx\/sandbox\/wp-json\/wp\/v2\/tags?post=20024"}],"curies":[{"name":"wp","href":"https:\/\/api.w.org\/{rel}","templated":true}]}}