{"id":20026,"date":"2022-04-09T09:00:00","date_gmt":"2022-04-09T14:00:00","guid":{"rendered":"https:\/\/a3noticias.com.mx\/sandbox\/?p=20026"},"modified":"2022-04-06T15:58:09","modified_gmt":"2022-04-06T20:58:09","slug":"el-asmr-que-es-y-que-provoca","status":"publish","type":"post","link":"https:\/\/a3noticias.com.mx\/sandbox\/2022\/04\/09\/el-asmr-que-es-y-que-provoca\/","title":{"rendered":"El ASMR \u00bfQu\u00e9 es y qu\u00e9 provoca?"},"content":{"rendered":"\n<p>\u00bfSab\u00edas que existe el D\u00eda Internacional del ASMR? As\u00ed es, existe y se conmemora cada 9 de abril gracias a los miembros del&nbsp;grupo de Facebook \u201cI Am ASMR\u201d&nbsp; quienes declararon este d\u00eda como el D\u00eda internacional de la ASMR.<\/p>\n\n\n\n<p><strong>\u00bfQu\u00e9 es el ASMR?<\/strong><\/p>\n\n\n\n<p>Es una t\u00e9cnica de grabaci\u00f3n que genera una respuesta multisensorial en el oyente, pues a trav\u00e9s de sonidos envolventes genera sensaci\u00f3n de calma, est\u00e1tica y hormigueo en la piel de quien la escucha, denominado como escalofr\u00edo, u orgasmo de baja intensidad, el cual recorre desde el cuero cabelludo, hacia el cuello para culminar en la parte superior de la columna vertebral.<\/p>\n\n\n\n<p>El ASMR se ha viralizado en \u00faltimas fechas debido a lo placentero que resulta, por lo que es com\u00fan ver videos con \u00e9sta tem\u00e1tica en plataformas como Facebook, Youtube, Instagram o Tik Tok, o bien a trav\u00e9s de podcast en Spotify.<\/p>\n\n\n\n<p><strong>Su origen<\/strong><\/p>\n\n\n\n<p>El t\u00e9rmino ASMR surge de su acr\u00f3nimo en ingl\u00e9s&nbsp;<strong>Autonomous Sensory Meridian Response<\/strong>&nbsp;que se traduce como Respuesta Sensorial Meridiana Aut\u00f3noma, un neologismo&nbsp;un tanto equ\u00edvoco que sirve para explicar este fen\u00f3meno sensorial.<\/p>\n\n\n\n<p>La primera vez que se le pone nombre a esta sensaci\u00f3n derivada de la audici\u00f3n es el <strong>19 de octubre de 2007<\/strong>, en un foro de discusi\u00f3n de una web que llev\u00f3 por nombre&nbsp;<strong>SteadyHealth<\/strong>, luego de que un usuario describiera haber experimentado desde la infancia una sensaci\u00f3n f\u00edsica placentera producida por est\u00edmulos sin aparente conexi\u00f3n.&nbsp;<\/p>\n\n\n\n<p><strong>\u00bfC\u00f3mo se crea esta sensaci\u00f3n?<\/strong><\/p>\n\n\n\n<p>Gran parte de las personas dedicadas al ASMR utilizan micr\u00f3fonos profesionales de alta gama para aumentar la sensaci\u00f3n de cercan\u00eda y tridimensionalidad, algunos de ellos tambi\u00e9n se graban en video mientas comen, aprietan slime o simplemente hablan a susurros con la finalidad de provocar esta sensaci\u00f3n de excitaci\u00f3n al oyente.<\/p>\n\n\n\n<figure class=\"wp-block-embed-youtube wp-block-embed is-type-video is-provider-youtube wp-embed-aspect-16-9 wp-has-aspect-ratio\"><div class=\"wp-block-embed__wrapper\">\n<iframe loading=\"lazy\" title=\"asmr para dormir con este video asmr sin anuncios - asmr espa\u00f1ol\" width=\"1170\" height=\"658\" src=\"https:\/\/www.youtube.com\/embed\/HygX67D5u4w?feature=oembed\" frameborder=\"0\" allow=\"accelerometer; autoplay; clipboard-write; encrypted-media; gyroscope; picture-in-picture\" allowfullscreen><\/iframe>\n<\/div><\/figure>\n","protected":false},"excerpt":{"rendered":"<p>\u00bfSab\u00edas que existe el D\u00eda Internacional del ASMR? As\u00ed es, existe y se conmemora cada 9 de abril gracias a los miembros del&nbsp;grupo de Facebook \u201cI Am ASMR\u201d&nbsp; quienes declararon &hellip; <a href=\"https:\/\/a3noticias.com.mx\/sandbox\/2022\/04\/09\/el-asmr-que-es-y-que-provoca\/\" class=\"more-link\">Leer m\u00e1s<\/a><\/p>\n","protected":false},"author":4,"featured_media":20027,"comment_status":"open","ping_status":"open","sticky":false,"template":"","format":"standard","meta":{"_monsterinsights_skip_tracking":false,"_monsterinsights_sitenote_active":false,"_monsterinsights_sitenote_note":"","_monsterinsights_sitenote_category":0,"footnotes":""},"categories":[9],"tags":[],"class_list":["post-20026","post","type-post","status-publish","format-standard","has-post-thumbnail","hentry","category-cultura","entry"],"aioseo_notices":[],"_links":{"self":[{"href":"https:\/\/a3noticias.com.mx\/sandbox\/wp-json\/wp\/v2\/posts\/20026","targetHints":{"allow":["GET"]}}],"collection":[{"href":"https:\/\/a3noticias.com.mx\/sandbox\/wp-json\/wp\/v2\/posts"}],"about":[{"href":"https:\/\/a3noticias.com.mx\/sandbox\/wp-json\/wp\/v2\/types\/post"}],"author":[{"embeddable":true,"href":"https:\/\/a3noticias.com.mx\/sandbox\/wp-json\/wp\/v2\/users\/4"}],"replies":[{"embeddable":true,"href":"https:\/\/a3noticias.com.mx\/sandbox\/wp-json\/wp\/v2\/comments?post=20026"}],"version-history":[{"count":1,"href":"https:\/\/a3noticias.com.mx\/sandbox\/wp-json\/wp\/v2\/posts\/20026\/revisions"}],"predecessor-version":[{"id":20028,"href":"https:\/\/a3noticias.com.mx\/sandbox\/wp-json\/wp\/v2\/posts\/20026\/revisions\/20028"}],"wp:featuredmedia":[{"embeddable":true,"href":"https:\/\/a3noticias.com.mx\/sandbox\/wp-json\/wp\/v2\/media\/20027"}],"wp:attachment":[{"href":"https:\/\/a3noticias.com.mx\/sandbox\/wp-json\/wp\/v2\/media?parent=20026"}],"wp:term":[{"taxonomy":"category","embeddable":true,"href":"https:\/\/a3noticias.com.mx\/sandbox\/wp-json\/wp\/v2\/categories?post=20026"},{"taxonomy":"post_tag","embeddable":true,"href":"https:\/\/a3noticias.com.mx\/sandbox\/wp-json\/wp\/v2\/tags?post=20026"}],"curies":[{"name":"wp","href":"https:\/\/api.w.org\/{rel}","templated":true}]}}