{"id":20029,"date":"2022-04-09T11:00:00","date_gmt":"2022-04-09T16:00:00","guid":{"rendered":"https:\/\/a3noticias.com.mx\/sandbox\/?p=20029"},"modified":"2022-04-06T16:40:17","modified_gmt":"2022-04-06T21:40:17","slug":"si-de-presumir-a-tu-mascota-se-trata-llevala-a-la-pasarela-de-mascotas-del-garnacha-fest","status":"publish","type":"post","link":"https:\/\/a3noticias.com.mx\/sandbox\/2022\/04\/09\/si-de-presumir-a-tu-mascota-se-trata-llevala-a-la-pasarela-de-mascotas-del-garnacha-fest\/","title":{"rendered":"Si de presumir a tu mascota se trata \u00a1Ll\u00e9vala a la pasarela de mascotas del Garnacha Fest!"},"content":{"rendered":"\n<p>\u00a1As\u00ed es, como le\u00edste!, el Garnacha Fest que se llevar\u00e1 a cabo en San Juan del R\u00edo tendr\u00e1 una pasarela para mascotas, por lo que si tienes un perro, gato, conejo, hur\u00f3n o cualquier otro animalito que puedas disfrazar y llevar, entra en el concurso.<\/p>\n\n\n\n<p>Tambi\u00e9n ser\u00e1 un plus si decides disfrazarte acorde con tu mascota, ya que los m\u00e1s creativos podr\u00e1n ganar productos alimenticios especiales para mascotas como muffins, donas, helado, pasteles, galletas, entre otros.<\/p>\n\n\n\n<p>Hasta el momento hay 15 mascotas registradas al concurso de acuerdo con lo informado por el director de turismo de San Juan del R\u00edo, Luis Eduardo Guill\u00e9n Romero,&nbsp;y las inscripciones contin\u00faan abiertas, por lo que los interesados podr\u00e1n enviar un WhatsApp al&nbsp;n\u00famero&nbsp;4271148191.<\/p>\n\n\n\n<p>Cabe destacar que el Garnacha Fest 2022, se llevar\u00e1 a cabo los d\u00edas s\u00e1bado 9 y\u00a0domingo 10 de abril, sin embargo, la pasarela de mascotas ser\u00e1 el domingo 10 de abril a las seis de la tarde.<\/p>\n\n\n\n<div class=\"wp-block-image\"><figure class=\"aligncenter size-large is-resized\"><img loading=\"lazy\" decoding=\"async\" src=\"https:\/\/a3noticias.com.mx\/sandbox\/wp-content\/uploads\/2022\/04\/277001305_4946309742130703_6899396759471815586_n-90x90.jpeg\" alt=\"\" class=\"wp-image-20030\" width=\"472\" height=\"472\" srcset=\"https:\/\/a3noticias.com.mx\/sandbox\/wp-content\/uploads\/2022\/04\/277001305_4946309742130703_6899396759471815586_n-90x90.jpeg 90w, https:\/\/a3noticias.com.mx\/sandbox\/wp-content\/uploads\/2022\/04\/277001305_4946309742130703_6899396759471815586_n-300x300.jpeg 300w, https:\/\/a3noticias.com.mx\/sandbox\/wp-content\/uploads\/2022\/04\/277001305_4946309742130703_6899396759471815586_n-150x150.jpeg 150w, https:\/\/a3noticias.com.mx\/sandbox\/wp-content\/uploads\/2022\/04\/277001305_4946309742130703_6899396759471815586_n-768x768.jpeg 768w, https:\/\/a3noticias.com.mx\/sandbox\/wp-content\/uploads\/2022\/04\/277001305_4946309742130703_6899396759471815586_n.jpeg 1080w\" sizes=\"auto, (max-width: 472px) 100vw, 472px\" \/><\/figure><\/div>\n","protected":false},"excerpt":{"rendered":"<p>\u00a1As\u00ed es, como le\u00edste!, el Garnacha Fest que se llevar\u00e1 a cabo en San Juan del R\u00edo tendr\u00e1 una pasarela para mascotas, por lo que si tienes un perro, gato, &hellip; <a href=\"https:\/\/a3noticias.com.mx\/sandbox\/2022\/04\/09\/si-de-presumir-a-tu-mascota-se-trata-llevala-a-la-pasarela-de-mascotas-del-garnacha-fest\/\" class=\"more-link\">Leer m\u00e1s<\/a><\/p>\n","protected":false},"author":4,"featured_media":20031,"comment_status":"open","ping_status":"open","sticky":false,"template":"","format":"standard","meta":{"_monsterinsights_skip_tracking":false,"_monsterinsights_sitenote_active":false,"_monsterinsights_sitenote_note":"","_monsterinsights_sitenote_category":0,"footnotes":""},"categories":[2],"tags":[],"class_list":["post-20029","post","type-post","status-publish","format-standard","has-post-thumbnail","hentry","category-qro","entry"],"aioseo_notices":[],"_links":{"self":[{"href":"https:\/\/a3noticias.com.mx\/sandbox\/wp-json\/wp\/v2\/posts\/20029","targetHints":{"allow":["GET"]}}],"collection":[{"href":"https:\/\/a3noticias.com.mx\/sandbox\/wp-json\/wp\/v2\/posts"}],"about":[{"href":"https:\/\/a3noticias.com.mx\/sandbox\/wp-json\/wp\/v2\/types\/post"}],"author":[{"embeddable":true,"href":"https:\/\/a3noticias.com.mx\/sandbox\/wp-json\/wp\/v2\/users\/4"}],"replies":[{"embeddable":true,"href":"https:\/\/a3noticias.com.mx\/sandbox\/wp-json\/wp\/v2\/comments?post=20029"}],"version-history":[{"count":1,"href":"https:\/\/a3noticias.com.mx\/sandbox\/wp-json\/wp\/v2\/posts\/20029\/revisions"}],"predecessor-version":[{"id":20032,"href":"https:\/\/a3noticias.com.mx\/sandbox\/wp-json\/wp\/v2\/posts\/20029\/revisions\/20032"}],"wp:featuredmedia":[{"embeddable":true,"href":"https:\/\/a3noticias.com.mx\/sandbox\/wp-json\/wp\/v2\/media\/20031"}],"wp:attachment":[{"href":"https:\/\/a3noticias.com.mx\/sandbox\/wp-json\/wp\/v2\/media?parent=20029"}],"wp:term":[{"taxonomy":"category","embeddable":true,"href":"https:\/\/a3noticias.com.mx\/sandbox\/wp-json\/wp\/v2\/categories?post=20029"},{"taxonomy":"post_tag","embeddable":true,"href":"https:\/\/a3noticias.com.mx\/sandbox\/wp-json\/wp\/v2\/tags?post=20029"}],"curies":[{"name":"wp","href":"https:\/\/api.w.org\/{rel}","templated":true}]}}