{"id":20036,"date":"2022-04-07T09:50:13","date_gmt":"2022-04-07T14:50:13","guid":{"rendered":"https:\/\/a3noticias.com.mx\/sandbox\/?p=20036"},"modified":"2022-04-07T09:51:38","modified_gmt":"2022-04-07T14:51:38","slug":"otro-caso-de-maltrato-animal-en-queretaro","status":"publish","type":"post","link":"https:\/\/a3noticias.com.mx\/sandbox\/2022\/04\/07\/otro-caso-de-maltrato-animal-en-queretaro\/","title":{"rendered":"Otro caso de maltrato animal en Quer\u00e9taro."},"content":{"rendered":"\n<p>Durante la madrugada del lunes se dio otro caso de maltrato animal en Quer\u00e9taro. Sucedi\u00f3 en el municipio de El Marqu\u00e9s cuando un hombre se fue en contra de un perro de raza pitbull.<\/p>\n\n\n\n<p>Los hechos se dieron luego de que el can atacara a una gata que se encontraba amarrada afuera de su casa, al presenciar eso, el due\u00f1o de la felina tom\u00f3 al perro, lo at\u00f3 del cuello con su cintur\u00f3n y lo arrastr\u00f3 con su veh\u00edculo para despu\u00e9s ir a deshacerse de \u00e9l.<\/p>\n\n\n\n<p>Vecinos de la zona que presenciaron lo ocurrido, intentaron detener al hombre, sin embargo el individuo hizo caso omiso e incluso les avent\u00f3 el veh\u00edculo.&nbsp;<\/p>\n\n\n\n<p>El caso ya fue denunciado a Fiscal\u00eda y se est\u00e1 en espera de medidas.\u00a0<\/p>\n\n\n\n<iframe loading=\"lazy\" src=\"https:\/\/www.facebook.com\/plugins\/video.php?height=316&#038;href=https%3A%2F%2Fwww.facebook.com%2FCarinoAnimalQueretaro%2Fvideos%2F363823529028368%2F&#038;show_text=false&#038;width=560&#038;t=0\" width=\"560\" height=\"316\" style=\"border:none;overflow:hidden\" scrolling=\"no\" frameborder=\"0\" allowfullscreen=\"true\" allow=\"autoplay; clipboard-write; encrypted-media; picture-in-picture; web-share\" allowFullScreen=\"true\"><\/iframe>\n","protected":false},"excerpt":{"rendered":"<p>Durante la madrugada del lunes se dio otro caso de maltrato animal en Quer\u00e9taro. Sucedi\u00f3 en el municipio de El Marqu\u00e9s cuando un hombre se fue en contra de un &hellip; <a href=\"https:\/\/a3noticias.com.mx\/sandbox\/2022\/04\/07\/otro-caso-de-maltrato-animal-en-queretaro\/\" class=\"more-link\">Leer m\u00e1s<\/a><\/p>\n","protected":false},"author":2,"featured_media":20038,"comment_status":"open","ping_status":"open","sticky":false,"template":"","format":"standard","meta":{"_monsterinsights_skip_tracking":false,"_monsterinsights_sitenote_active":false,"_monsterinsights_sitenote_note":"","_monsterinsights_sitenote_category":0,"footnotes":""},"categories":[2,1],"tags":[],"class_list":["post-20036","post","type-post","status-publish","format-standard","has-post-thumbnail","hentry","category-qro","category-uncategorized","entry"],"aioseo_notices":[],"_links":{"self":[{"href":"https:\/\/a3noticias.com.mx\/sandbox\/wp-json\/wp\/v2\/posts\/20036","targetHints":{"allow":["GET"]}}],"collection":[{"href":"https:\/\/a3noticias.com.mx\/sandbox\/wp-json\/wp\/v2\/posts"}],"about":[{"href":"https:\/\/a3noticias.com.mx\/sandbox\/wp-json\/wp\/v2\/types\/post"}],"author":[{"embeddable":true,"href":"https:\/\/a3noticias.com.mx\/sandbox\/wp-json\/wp\/v2\/users\/2"}],"replies":[{"embeddable":true,"href":"https:\/\/a3noticias.com.mx\/sandbox\/wp-json\/wp\/v2\/comments?post=20036"}],"version-history":[{"count":1,"href":"https:\/\/a3noticias.com.mx\/sandbox\/wp-json\/wp\/v2\/posts\/20036\/revisions"}],"predecessor-version":[{"id":20037,"href":"https:\/\/a3noticias.com.mx\/sandbox\/wp-json\/wp\/v2\/posts\/20036\/revisions\/20037"}],"wp:featuredmedia":[{"embeddable":true,"href":"https:\/\/a3noticias.com.mx\/sandbox\/wp-json\/wp\/v2\/media\/20038"}],"wp:attachment":[{"href":"https:\/\/a3noticias.com.mx\/sandbox\/wp-json\/wp\/v2\/media?parent=20036"}],"wp:term":[{"taxonomy":"category","embeddable":true,"href":"https:\/\/a3noticias.com.mx\/sandbox\/wp-json\/wp\/v2\/categories?post=20036"},{"taxonomy":"post_tag","embeddable":true,"href":"https:\/\/a3noticias.com.mx\/sandbox\/wp-json\/wp\/v2\/tags?post=20036"}],"curies":[{"name":"wp","href":"https:\/\/api.w.org\/{rel}","templated":true}]}}