{"id":20042,"date":"2022-04-07T11:26:46","date_gmt":"2022-04-07T16:26:46","guid":{"rendered":"https:\/\/a3noticias.com.mx\/sandbox\/?p=20042"},"modified":"2022-04-07T11:26:47","modified_gmt":"2022-04-07T16:26:47","slug":"amlo-insiste-en-hablar-de-loret-de-mola-en-la-mananera","status":"publish","type":"post","link":"https:\/\/a3noticias.com.mx\/sandbox\/2022\/04\/07\/amlo-insiste-en-hablar-de-loret-de-mola-en-la-mananera\/","title":{"rendered":"AMLO insiste en hablar de Loret de Mola en &#8216;La Ma\u00f1anera&#8217;"},"content":{"rendered":"\n<p>El presidente Andr\u00e9s Manuel L\u00f3pez Obrador, insiste en arremeter en contra del periodista Carlos Loret de Mola durante las conferencias de \u2018La Ma\u00f1anera\u2019.&nbsp;<\/p>\n\n\n\n<p>En esta ocasi\u00f3n, el jefe del Ejecutivo afirm\u00f3 que el terreno de Valle de Bravo donde tiene su casa Loret de Mola pertenec\u00eda al exsecretario de Educaci\u00f3n Miguel Lim\u00f3n.<\/p>\n\n\n\n<blockquote class=\"wp-block-quote is-layout-flow wp-block-quote-is-layout-flow\"><p>\u201cEra un lote, porque todo esto es historia, del se\u00f1or Lim\u00f3n, que fue secretario de Educaci\u00f3n, Miguel Lim\u00f3n. \u00c9l fue el que vendi\u00f3 el terreno y ya luego Loret construy\u00f3 la casa\u201d<\/p><\/blockquote>\n\n\n\n<p>Luego de esto, el mandatario present\u00f3 una factura de la compra de la casa de Loret de Mola y se\u00f1al\u00f3 que todo se debe transparentar. Se\u00f1al\u00f3 que la alberca de la \u201cCasa Gris\u201d parece una ba\u00f1era en comparaci\u00f3n con la de la mansi\u00f3n de Loret de Mola.<\/p>\n\n\n\n<blockquote class=\"wp-block-quote is-layout-flow wp-block-quote-is-layout-flow\"><p>\u201cUna mansi\u00f3n con una alberca, que la casa esa que rent\u00f3 Jos\u00e9 Ram\u00f3n y su esposa parece una ba\u00f1era en comparaci\u00f3n de la alberca de Loret de Mola\u201d<\/p><\/blockquote>\n\n\n\n<p>En ese sentido, el presidente admiti\u00f3 que se equivoc\u00f3 sobre los terrenos de Loret de Mola; pues no eran de 8, sino de 3.5 hect\u00e1reas.<\/p>\n\n\n\n<blockquote class=\"wp-block-quote is-layout-flow wp-block-quote-is-layout-flow\"><p>\u201cPon\u00eda yo que ten\u00eda un terreno de 8 hect\u00e1reas, pero me equivoqu\u00e9, \u00e9l tiene nada m\u00e1s como 3 hect\u00e1reas y media\u201d<\/p><\/blockquote>\n","protected":false},"excerpt":{"rendered":"<p>El presidente Andr\u00e9s Manuel L\u00f3pez Obrador, insiste en arremeter en contra del periodista Carlos Loret de Mola durante las conferencias de \u2018La Ma\u00f1anera\u2019.&nbsp; En esta ocasi\u00f3n, el jefe del Ejecutivo &hellip; <a href=\"https:\/\/a3noticias.com.mx\/sandbox\/2022\/04\/07\/amlo-insiste-en-hablar-de-loret-de-mola-en-la-mananera\/\" class=\"more-link\">Leer m\u00e1s<\/a><\/p>\n","protected":false},"author":2,"featured_media":20043,"comment_status":"open","ping_status":"open","sticky":false,"template":"","format":"standard","meta":{"_monsterinsights_skip_tracking":false,"_monsterinsights_sitenote_active":false,"_monsterinsights_sitenote_note":"","_monsterinsights_sitenote_category":0,"footnotes":""},"categories":[3],"tags":[],"class_list":["post-20042","post","type-post","status-publish","format-standard","has-post-thumbnail","hentry","category-nal","entry"],"aioseo_notices":[],"_links":{"self":[{"href":"https:\/\/a3noticias.com.mx\/sandbox\/wp-json\/wp\/v2\/posts\/20042","targetHints":{"allow":["GET"]}}],"collection":[{"href":"https:\/\/a3noticias.com.mx\/sandbox\/wp-json\/wp\/v2\/posts"}],"about":[{"href":"https:\/\/a3noticias.com.mx\/sandbox\/wp-json\/wp\/v2\/types\/post"}],"author":[{"embeddable":true,"href":"https:\/\/a3noticias.com.mx\/sandbox\/wp-json\/wp\/v2\/users\/2"}],"replies":[{"embeddable":true,"href":"https:\/\/a3noticias.com.mx\/sandbox\/wp-json\/wp\/v2\/comments?post=20042"}],"version-history":[{"count":1,"href":"https:\/\/a3noticias.com.mx\/sandbox\/wp-json\/wp\/v2\/posts\/20042\/revisions"}],"predecessor-version":[{"id":20044,"href":"https:\/\/a3noticias.com.mx\/sandbox\/wp-json\/wp\/v2\/posts\/20042\/revisions\/20044"}],"wp:featuredmedia":[{"embeddable":true,"href":"https:\/\/a3noticias.com.mx\/sandbox\/wp-json\/wp\/v2\/media\/20043"}],"wp:attachment":[{"href":"https:\/\/a3noticias.com.mx\/sandbox\/wp-json\/wp\/v2\/media?parent=20042"}],"wp:term":[{"taxonomy":"category","embeddable":true,"href":"https:\/\/a3noticias.com.mx\/sandbox\/wp-json\/wp\/v2\/categories?post=20042"},{"taxonomy":"post_tag","embeddable":true,"href":"https:\/\/a3noticias.com.mx\/sandbox\/wp-json\/wp\/v2\/tags?post=20042"}],"curies":[{"name":"wp","href":"https:\/\/api.w.org\/{rel}","templated":true}]}}