{"id":20051,"date":"2022-04-07T14:39:29","date_gmt":"2022-04-07T19:39:29","guid":{"rendered":"https:\/\/a3noticias.com.mx\/sandbox\/?p=20051"},"modified":"2022-04-07T14:39:31","modified_gmt":"2022-04-07T19:39:31","slug":"continua-busqueda-para-localizar-a-la-menor-victoria-guadalupe","status":"publish","type":"post","link":"https:\/\/a3noticias.com.mx\/sandbox\/2022\/04\/07\/continua-busqueda-para-localizar-a-la-menor-victoria-guadalupe\/","title":{"rendered":"Contin\u00faa b\u00fasqueda para localizar a la menor Victoria Guadalupe."},"content":{"rendered":"\n<p>Durante la tarde de este jueves, la Fiscal\u00eda de Quer\u00e9taro, la Polic\u00eda Estatal y elementos municipales de El Marqu\u00e9s y Quer\u00e9taro, desplegaron un operativo de b\u00fasqueda para dar con el paradero de la menor Victoria Guadalupe Rodr\u00edguez Mart\u00ednez, quien desapareci\u00f3 el mi\u00e9rcoles por la tarde en Paseos del Marqu\u00e9s.&nbsp;<\/p>\n\n\n\n<p>Se realizaron recorridos y revisiones en los domicilios, tambi\u00e9n se platic\u00f3 con los pobladores para ver si ten\u00edan conocimiento o hab\u00edan visto algo sospechoso en relaci\u00f3n a la desaparici\u00f3n de la menor de 6 a\u00f1os y si contaban con informaci\u00f3n que aportara en la localizaci\u00f3n.<\/p>\n\n\n\n<p>Fueron alrededor de 100 elementos los que llevaron a cabo el operativo, acompa\u00f1ados con binomios caninos para tratar de localizar a la menor.&nbsp;<\/p>\n\n\n\n<p>Lamentablemente, hasta el momento, Victoria Guadalupe contin\u00faa desaparecida, por lo que se mantiene la b\u00fasqueda casa por casa, principalmente en los condominios Castelo, Barcelona, Narv\u00e1ez y Moros; as\u00ed como en las inmediaciones del lugar.&nbsp;<\/p>\n\n\n\n<p>La alerta Amber contin\u00faa activada y se pide que quien tenga informaci\u00f3n que ayude a su localizaci\u00f3n, se comunique al 442 229 1111, al n\u00famero de emergencias 911 y de manera an\u00f3nima al 089.<\/p>\n","protected":false},"excerpt":{"rendered":"<p>Durante la tarde de este jueves, la Fiscal\u00eda de Quer\u00e9taro, la Polic\u00eda Estatal y elementos municipales de El Marqu\u00e9s y Quer\u00e9taro, desplegaron un operativo de b\u00fasqueda para dar con el &hellip; <a href=\"https:\/\/a3noticias.com.mx\/sandbox\/2022\/04\/07\/continua-busqueda-para-localizar-a-la-menor-victoria-guadalupe\/\" class=\"more-link\">Leer m\u00e1s<\/a><\/p>\n","protected":false},"author":2,"featured_media":20052,"comment_status":"open","ping_status":"open","sticky":false,"template":"","format":"standard","meta":{"_monsterinsights_skip_tracking":false,"_monsterinsights_sitenote_active":false,"_monsterinsights_sitenote_note":"","_monsterinsights_sitenote_category":0,"footnotes":""},"categories":[2],"tags":[],"class_list":["post-20051","post","type-post","status-publish","format-standard","has-post-thumbnail","hentry","category-qro","entry"],"aioseo_notices":[],"_links":{"self":[{"href":"https:\/\/a3noticias.com.mx\/sandbox\/wp-json\/wp\/v2\/posts\/20051","targetHints":{"allow":["GET"]}}],"collection":[{"href":"https:\/\/a3noticias.com.mx\/sandbox\/wp-json\/wp\/v2\/posts"}],"about":[{"href":"https:\/\/a3noticias.com.mx\/sandbox\/wp-json\/wp\/v2\/types\/post"}],"author":[{"embeddable":true,"href":"https:\/\/a3noticias.com.mx\/sandbox\/wp-json\/wp\/v2\/users\/2"}],"replies":[{"embeddable":true,"href":"https:\/\/a3noticias.com.mx\/sandbox\/wp-json\/wp\/v2\/comments?post=20051"}],"version-history":[{"count":1,"href":"https:\/\/a3noticias.com.mx\/sandbox\/wp-json\/wp\/v2\/posts\/20051\/revisions"}],"predecessor-version":[{"id":20053,"href":"https:\/\/a3noticias.com.mx\/sandbox\/wp-json\/wp\/v2\/posts\/20051\/revisions\/20053"}],"wp:featuredmedia":[{"embeddable":true,"href":"https:\/\/a3noticias.com.mx\/sandbox\/wp-json\/wp\/v2\/media\/20052"}],"wp:attachment":[{"href":"https:\/\/a3noticias.com.mx\/sandbox\/wp-json\/wp\/v2\/media?parent=20051"}],"wp:term":[{"taxonomy":"category","embeddable":true,"href":"https:\/\/a3noticias.com.mx\/sandbox\/wp-json\/wp\/v2\/categories?post=20051"},{"taxonomy":"post_tag","embeddable":true,"href":"https:\/\/a3noticias.com.mx\/sandbox\/wp-json\/wp\/v2\/tags?post=20051"}],"curies":[{"name":"wp","href":"https:\/\/api.w.org\/{rel}","templated":true}]}}