{"id":20058,"date":"2022-04-08T09:47:34","date_gmt":"2022-04-08T14:47:34","guid":{"rendered":"https:\/\/a3noticias.com.mx\/sandbox\/?p=20058"},"modified":"2022-04-08T10:29:08","modified_gmt":"2022-04-08T15:29:08","slug":"resolucion-de-scjn-repara-dano-provocado-por-ley-tramposa-en-materia-electrica","status":"publish","type":"post","link":"https:\/\/a3noticias.com.mx\/sandbox\/2022\/04\/08\/resolucion-de-scjn-repara-dano-provocado-por-ley-tramposa-en-materia-electrica\/","title":{"rendered":"Resoluci\u00f3n de SCJN repara da\u00f1o provocado por ley \u00abtramposa\u00bb en materia el\u00e9ctrica: AMLO"},"content":{"rendered":"\n<blockquote class=\"wp-block-quote is-layout-flow wp-block-quote-is-layout-flow\"><p>\u201cLa resoluci\u00f3n de ayer de la Suprema Corte de Justicia fue un triunfo que repara el da\u00f1o provocado por la ley \u201ctramposa\u201d en materia el\u00e9ctrica, del sexenio pasado. Fue un buen d\u00eda, estoy feliz, feliz\u201d.<\/p><\/blockquote>\n\n\n\n<p>Fue lo que dijo el presidente, Andr\u00e9s Manuel L\u00f3pez Obrador, luego de que el d\u00eda de ayer, ministros de la Suprema Corte de Justicia de la Naci\u00f3n (SCJN) declararan constitucional la Ley de la Industria El\u00e9ctrica, pues consideran que no vulnera tratados internacionales, el derecho al medioambiente ni genera desequilibrio en el sector el\u00e9ctrico.<\/p>\n\n\n\n<p>El mandatario federal neg\u00f3 que su gobierno haya presionado a los ministros, resalt\u00f3 que ya no son esos tiempos en los que incluso se votaba por unanimidad y que ahora hay libertades.<\/p>\n\n\n\n<blockquote class=\"wp-block-quote is-layout-flow wp-block-quote-is-layout-flow\"><p>\u201cNo, no. Ya no es el tiempo de antes; antes votaban por unanimidad, ahora hay libertades. Claro que no estamos de acuerdo con algunos ministros que representan los intereses empresariales, son ultra conservadores. Hubo uno que dijo que la competencia est\u00e1 por encima del inter\u00e9s nacional. \u00a1Ay nanita!\u201d<\/p><\/blockquote>\n\n\n\n<p>El jefe del Ejecutivo dijo hoy estar m\u00e1s tranquilo porque con esa determinaci\u00f3n \u201csalvamos a la Comisi\u00f3n Federal de Electricidad y garantizamos que no suba la luz\u201d, dijo al tiempo de felicitar a los ministros.<\/p>\n\n\n\n<blockquote class=\"wp-block-quote is-layout-flow wp-block-quote-is-layout-flow\"><p>\u201cYa con la decisi\u00f3n de ayer tenemos la protecci\u00f3n b\u00e1sica que nos importaba; en el caso de los amparos, de los interpuestos, con lo que se resolvi\u00f3 ayer, la mitad en autom\u00e1tico quedan improcedentes y los m\u00e1s importantes. O sea, ya avanzamos. Ah\u00ed se va a ir viendo poco a poco\u201d, expuso.<\/p><\/blockquote>\n\n\n\n<p>En ese sentido, AMLO se\u00f1al\u00f3 que la decisi\u00f3n de la SCJN tampoco afecta el T-MEC y que su gobierno ser\u00e1 respetuoso y que no va a ir con el presidente Joe Biden a preguntarle por qu\u00e9 no ha cumplido con su compromiso de legalizar a los migrantes.<\/p>\n","protected":false},"excerpt":{"rendered":"<p>\u201cLa resoluci\u00f3n de ayer de la Suprema Corte de Justicia fue un triunfo que repara el da\u00f1o provocado por la ley \u201ctramposa\u201d en materia el\u00e9ctrica, del sexenio pasado. Fue un &hellip; <a href=\"https:\/\/a3noticias.com.mx\/sandbox\/2022\/04\/08\/resolucion-de-scjn-repara-dano-provocado-por-ley-tramposa-en-materia-electrica\/\" class=\"more-link\">Leer m\u00e1s<\/a><\/p>\n","protected":false},"author":2,"featured_media":20059,"comment_status":"open","ping_status":"open","sticky":false,"template":"","format":"standard","meta":{"_monsterinsights_skip_tracking":false,"_monsterinsights_sitenote_active":false,"_monsterinsights_sitenote_note":"","_monsterinsights_sitenote_category":0,"footnotes":""},"categories":[3],"tags":[],"class_list":["post-20058","post","type-post","status-publish","format-standard","has-post-thumbnail","hentry","category-nal","entry"],"aioseo_notices":[],"_links":{"self":[{"href":"https:\/\/a3noticias.com.mx\/sandbox\/wp-json\/wp\/v2\/posts\/20058","targetHints":{"allow":["GET"]}}],"collection":[{"href":"https:\/\/a3noticias.com.mx\/sandbox\/wp-json\/wp\/v2\/posts"}],"about":[{"href":"https:\/\/a3noticias.com.mx\/sandbox\/wp-json\/wp\/v2\/types\/post"}],"author":[{"embeddable":true,"href":"https:\/\/a3noticias.com.mx\/sandbox\/wp-json\/wp\/v2\/users\/2"}],"replies":[{"embeddable":true,"href":"https:\/\/a3noticias.com.mx\/sandbox\/wp-json\/wp\/v2\/comments?post=20058"}],"version-history":[{"count":2,"href":"https:\/\/a3noticias.com.mx\/sandbox\/wp-json\/wp\/v2\/posts\/20058\/revisions"}],"predecessor-version":[{"id":20061,"href":"https:\/\/a3noticias.com.mx\/sandbox\/wp-json\/wp\/v2\/posts\/20058\/revisions\/20061"}],"wp:featuredmedia":[{"embeddable":true,"href":"https:\/\/a3noticias.com.mx\/sandbox\/wp-json\/wp\/v2\/media\/20059"}],"wp:attachment":[{"href":"https:\/\/a3noticias.com.mx\/sandbox\/wp-json\/wp\/v2\/media?parent=20058"}],"wp:term":[{"taxonomy":"category","embeddable":true,"href":"https:\/\/a3noticias.com.mx\/sandbox\/wp-json\/wp\/v2\/categories?post=20058"},{"taxonomy":"post_tag","embeddable":true,"href":"https:\/\/a3noticias.com.mx\/sandbox\/wp-json\/wp\/v2\/tags?post=20058"}],"curies":[{"name":"wp","href":"https:\/\/api.w.org\/{rel}","templated":true}]}}