{"id":20065,"date":"2022-04-08T11:18:20","date_gmt":"2022-04-08T16:18:20","guid":{"rendered":"https:\/\/a3noticias.com.mx\/sandbox\/?p=20065"},"modified":"2022-04-08T11:18:21","modified_gmt":"2022-04-08T16:18:21","slug":"cesar-villaluz-debutara-con-halcones-ante-capitalino","status":"publish","type":"post","link":"https:\/\/a3noticias.com.mx\/sandbox\/2022\/04\/08\/cesar-villaluz-debutara-con-halcones-ante-capitalino\/","title":{"rendered":"C\u00e9sar Villaluz debutar\u00e1 con Halcones ante capitalino."},"content":{"rendered":"\n<p>Con el \u00e1nimo a tope, C\u00e9sar VIllaluz concretar\u00e1 su regreso a empastados mexicanos de nivel profesional este s\u00e1bado en el estadio municipal Claudio Su\u00e1rez. El excampe\u00f3n del mundo vestir\u00e1 la casaca de Halcones de Quer\u00e9taro para enfrentar la jornada dos de la Liga de Balompi\u00e9 Mexicano.<\/p>\n\n\n\n<p>Villaluz luce como el tractivo principal de este encuentro toda vez que resulta ser la figura con m\u00e1s atractivo y expectativa en el arranque del certamen. Sin embargo, podr\u00eda no ser una tarea sencilla: Atl\u00e9tico Capitalino proviene de una goleada ante Chapulineros de Oaxaca por 3-0, lo que le obligar\u00e1 a brindar su mejor papel en calidad de anfitri\u00f3n. En contraste los emplumados queretanos, llegan con el \u00e1nimo a tope tras empatar de \u00faltimo momento ante Toros Neza y ahora preparar el terreno para que su m\u00e1xima figura brille en el empastado \u201cchilango\u201d.<\/p>\n\n\n\n<p>La mala noticia para los queretanos es la ausencia de quien llegara en calidad de goleador, el colombiano Luis Fernando Gonz\u00e1lez, \u201cPantera Negra\u201d, quien desde el minuto 20\u2019 y tras anotar el primer tanto del encuentro ante su exequipo, result\u00f3 lesionado de la rodilla y no podr\u00e1 ver actividad en esta segunda fecha,<\/p>\n\n\n\n<p>El \u00faltimo encuentro entre ambas escuadras sucedi\u00f3 en Cadereyta en diciembre del a\u00f1o pasado, cuando como parte de la fecha 11, Capitalino inici\u00f3 ganando como visitante, sin embargo, en el complemento los queretanos revirtieron el marcador, obteniendo un triunfo de 3-1<\/p>\n","protected":false},"excerpt":{"rendered":"<p>Con el \u00e1nimo a tope, C\u00e9sar VIllaluz concretar\u00e1 su regreso a empastados mexicanos de nivel profesional este s\u00e1bado en el estadio municipal Claudio Su\u00e1rez. El excampe\u00f3n del mundo vestir\u00e1 la &hellip; <a href=\"https:\/\/a3noticias.com.mx\/sandbox\/2022\/04\/08\/cesar-villaluz-debutara-con-halcones-ante-capitalino\/\" class=\"more-link\">Leer m\u00e1s<\/a><\/p>\n","protected":false},"author":2,"featured_media":20066,"comment_status":"open","ping_status":"open","sticky":false,"template":"","format":"standard","meta":{"_monsterinsights_skip_tracking":false,"_monsterinsights_sitenote_active":false,"_monsterinsights_sitenote_note":"","_monsterinsights_sitenote_category":0,"footnotes":""},"categories":[5,2],"tags":[],"class_list":["post-20065","post","type-post","status-publish","format-standard","has-post-thumbnail","hentry","category-sports","category-qro","entry"],"aioseo_notices":[],"_links":{"self":[{"href":"https:\/\/a3noticias.com.mx\/sandbox\/wp-json\/wp\/v2\/posts\/20065","targetHints":{"allow":["GET"]}}],"collection":[{"href":"https:\/\/a3noticias.com.mx\/sandbox\/wp-json\/wp\/v2\/posts"}],"about":[{"href":"https:\/\/a3noticias.com.mx\/sandbox\/wp-json\/wp\/v2\/types\/post"}],"author":[{"embeddable":true,"href":"https:\/\/a3noticias.com.mx\/sandbox\/wp-json\/wp\/v2\/users\/2"}],"replies":[{"embeddable":true,"href":"https:\/\/a3noticias.com.mx\/sandbox\/wp-json\/wp\/v2\/comments?post=20065"}],"version-history":[{"count":1,"href":"https:\/\/a3noticias.com.mx\/sandbox\/wp-json\/wp\/v2\/posts\/20065\/revisions"}],"predecessor-version":[{"id":20067,"href":"https:\/\/a3noticias.com.mx\/sandbox\/wp-json\/wp\/v2\/posts\/20065\/revisions\/20067"}],"wp:featuredmedia":[{"embeddable":true,"href":"https:\/\/a3noticias.com.mx\/sandbox\/wp-json\/wp\/v2\/media\/20066"}],"wp:attachment":[{"href":"https:\/\/a3noticias.com.mx\/sandbox\/wp-json\/wp\/v2\/media?parent=20065"}],"wp:term":[{"taxonomy":"category","embeddable":true,"href":"https:\/\/a3noticias.com.mx\/sandbox\/wp-json\/wp\/v2\/categories?post=20065"},{"taxonomy":"post_tag","embeddable":true,"href":"https:\/\/a3noticias.com.mx\/sandbox\/wp-json\/wp\/v2\/tags?post=20065"}],"curies":[{"name":"wp","href":"https:\/\/api.w.org\/{rel}","templated":true}]}}