{"id":20068,"date":"2022-04-08T12:21:14","date_gmt":"2022-04-08T17:21:14","guid":{"rendered":"https:\/\/a3noticias.com.mx\/sandbox\/?p=20068"},"modified":"2022-04-08T12:21:15","modified_gmt":"2022-04-08T17:21:15","slug":"grupo-de-periodistas-entrega-a-gobernador-del-estado-documento-de-rechazo-a-ley-mordaza","status":"publish","type":"post","link":"https:\/\/a3noticias.com.mx\/sandbox\/2022\/04\/08\/grupo-de-periodistas-entrega-a-gobernador-del-estado-documento-de-rechazo-a-ley-mordaza\/","title":{"rendered":"Grupo de periodistas entrega   a gobernador del estado documento de rechazo a \u00abLey Mordaza\u00bb."},"content":{"rendered":"\n<p>Un grupo de periodistas locales, entregaron al gobernador del estado, Mauricio Kuri Gonz\u00e1lez y al titular de la Defensor\u00eda de los Derechos Humanos de Quer\u00e9taro un documento de rechazo por la denominada \u201cLey Mordaza\u201d.<\/p>\n\n\n\n<blockquote class=\"wp-block-quote is-layout-flow wp-block-quote-is-layout-flow\"><p>\u201cLas reformas, aprobadas en \u201cfast track\u201d el pasado viernes 1 de abril en el Congreso local, establecen que \u201cse impondr\u00e1 de uno a cinco a\u00f1os, hasta 500 veces el valor diario de la UMA, por concepto de multa y trabajos en favor de la comunidad hasta por seis meses, al que sin consentimiento de quien tenga derecho a otorgarlo, utilice, revele, entregue o facilite el acceso a informaci\u00f3n, documentos o cualquier objeto que se le hubiese confiado sea p\u00fablico o privado\u201d; cuya redacci\u00f3n es ambigua y peligrosa para su aplicaci\u00f3n, pues podr\u00eda prestarse a una interpretaci\u00f3n discrecional de la autoridad\u201d.<\/p><\/blockquote>\n\n\n\n<p>Los comunicadores se\u00f1alaron que en el sentido de que la publicaci\u00f3n de esta reforma reforzar\u00e1 el ambiente de violencia que padecen las y los periodistas, tanto en Quer\u00e9taro, como en todo el pa\u00eds, espec\u00edficamente en las agresiones que provienen desde organismos, instituciones p\u00fablicas y Poderes del Estado.<\/p>\n\n\n\n<p>En el caso del documento que fue entregado a la instancia encargada de salvaguardar los derechos humanos, los periodistas piden la presentaci\u00f3n de un acto de institucionalidad para la derogaci\u00f3n de este art\u00edculo.&nbsp;<\/p>\n\n\n\n<blockquote class=\"wp-block-quote is-layout-flow wp-block-quote-is-layout-flow\"><p>\u201cAnte esta situaci\u00f3n que acudimos ante usted, en calidad de presidente de la Defensor\u00eda de los Derechos Humanos de Quer\u00e9taro, ya que este art\u00edculo viola el Derecho Humano a la informaci\u00f3n por lo que pedimos que presente un acto de inconstitucionalidad en contra de la reforma al C\u00f3digo Penal, en particular en este art\u00edculo\u201d.<\/p><\/blockquote>\n","protected":false},"excerpt":{"rendered":"<p>Un grupo de periodistas locales, entregaron al gobernador del estado, Mauricio Kuri Gonz\u00e1lez y al titular de la Defensor\u00eda de los Derechos Humanos de Quer\u00e9taro un documento de rechazo por &hellip; <a href=\"https:\/\/a3noticias.com.mx\/sandbox\/2022\/04\/08\/grupo-de-periodistas-entrega-a-gobernador-del-estado-documento-de-rechazo-a-ley-mordaza\/\" class=\"more-link\">Leer m\u00e1s<\/a><\/p>\n","protected":false},"author":2,"featured_media":20069,"comment_status":"open","ping_status":"open","sticky":false,"template":"","format":"standard","meta":{"_monsterinsights_skip_tracking":false,"_monsterinsights_sitenote_active":false,"_monsterinsights_sitenote_note":"","_monsterinsights_sitenote_category":0,"footnotes":""},"categories":[2],"tags":[],"class_list":["post-20068","post","type-post","status-publish","format-standard","has-post-thumbnail","hentry","category-qro","entry"],"aioseo_notices":[],"_links":{"self":[{"href":"https:\/\/a3noticias.com.mx\/sandbox\/wp-json\/wp\/v2\/posts\/20068","targetHints":{"allow":["GET"]}}],"collection":[{"href":"https:\/\/a3noticias.com.mx\/sandbox\/wp-json\/wp\/v2\/posts"}],"about":[{"href":"https:\/\/a3noticias.com.mx\/sandbox\/wp-json\/wp\/v2\/types\/post"}],"author":[{"embeddable":true,"href":"https:\/\/a3noticias.com.mx\/sandbox\/wp-json\/wp\/v2\/users\/2"}],"replies":[{"embeddable":true,"href":"https:\/\/a3noticias.com.mx\/sandbox\/wp-json\/wp\/v2\/comments?post=20068"}],"version-history":[{"count":1,"href":"https:\/\/a3noticias.com.mx\/sandbox\/wp-json\/wp\/v2\/posts\/20068\/revisions"}],"predecessor-version":[{"id":20070,"href":"https:\/\/a3noticias.com.mx\/sandbox\/wp-json\/wp\/v2\/posts\/20068\/revisions\/20070"}],"wp:featuredmedia":[{"embeddable":true,"href":"https:\/\/a3noticias.com.mx\/sandbox\/wp-json\/wp\/v2\/media\/20069"}],"wp:attachment":[{"href":"https:\/\/a3noticias.com.mx\/sandbox\/wp-json\/wp\/v2\/media?parent=20068"}],"wp:term":[{"taxonomy":"category","embeddable":true,"href":"https:\/\/a3noticias.com.mx\/sandbox\/wp-json\/wp\/v2\/categories?post=20068"},{"taxonomy":"post_tag","embeddable":true,"href":"https:\/\/a3noticias.com.mx\/sandbox\/wp-json\/wp\/v2\/tags?post=20068"}],"curies":[{"name":"wp","href":"https:\/\/api.w.org\/{rel}","templated":true}]}}