{"id":20071,"date":"2022-04-08T13:23:01","date_gmt":"2022-04-08T18:23:01","guid":{"rendered":"https:\/\/a3noticias.com.mx\/sandbox\/?p=20071"},"modified":"2022-04-08T13:23:02","modified_gmt":"2022-04-08T18:23:02","slug":"gobiernos-deberan-revisar-concesiones-de-transporte-publico-y-garantizar-la-movilidad-gilberto-herrera","status":"publish","type":"post","link":"https:\/\/a3noticias.com.mx\/sandbox\/2022\/04\/08\/gobiernos-deberan-revisar-concesiones-de-transporte-publico-y-garantizar-la-movilidad-gilberto-herrera\/","title":{"rendered":"Gobiernos deber\u00e1n revisar concesiones de transporte p\u00fablico y garantizar la movilidad: Gilberto Herrera."},"content":{"rendered":"\n<p>Gilberto Herrera Ruiz, Senador por Quer\u00e9taro, se\u00f1al\u00f3 que con la aprobaci\u00f3n de la Ley General de Movilidad y Seguridad Vial en el Senado, los estados tendr\u00e1n que garantizar la movilidad tambi\u00e9n en zonas rurales y se deber\u00e1 revisar si contin\u00faan las concesiones en el transporte p\u00fablico<\/p>\n\n\n\n<p>Apunt\u00f3 que, al ser reconocida la movilidad como un derecho humano, los gobiernos est\u00e1n obligados a promover un transporte p\u00fablico econ\u00f3mico y frecuente, entendiendo que a partir de garantizar este derecho se asegura el acceso a otros como el trabajo o educaci\u00f3n.<\/p>\n\n\n\n<blockquote class=\"wp-block-quote is-layout-flow wp-block-quote-is-layout-flow\"><p>\u201cLos gobiernos tendr\u00e1n que empezar a discutir si quieren continuar con el transporte como un negocio o como un servicio, cuando t\u00fa concesiones como Quer\u00e9taro quien lo adquiere lo ve como negocio y por lo tanto mientras m\u00e1s unidades mand\u00e9 y m\u00e1s llenas mejor pero eso contraviene el derecho de la gente al transporte y no es correcto\u201d.<\/p><\/blockquote>\n\n\n\n<p>Resalt\u00f3 que al ser la movilidad un derecho, y que est\u00e9 establecido por una ley, el transporte p\u00fablico ya no deber\u00eda estar en manos privadas, y que deber\u00eda ser el gobierno quien lo asuma como servicio para la gente. Destac\u00f3 que esto ayudar\u00eda a mejorar las condiciones laborales de los operadores de las unidades, pues al ser empleados de gobierno tendr\u00edan condiciones de trabajo m\u00e1s dignas.&nbsp;<\/p>\n\n\n\n<p>El senador refiri\u00f3 que tambi\u00e9n los gobiernos locales est\u00e1n obligados a garantizar el transporte escolar para que estudiantes puedan llegar a sus escuelas, principalmente en zonas rurales, y que las distancias no sea impedimento para la educaci\u00f3n. Adem\u00e1s enfatiz\u00f3 que toda comunidad no deber\u00e1 quedar a m\u00e1s de 2 kil\u00f3metros de distancia de caminos pavimentados, lo que abonar\u00e1 a acceder a un transporte digno.<\/p>\n","protected":false},"excerpt":{"rendered":"<p>Gilberto Herrera Ruiz, Senador por Quer\u00e9taro, se\u00f1al\u00f3 que con la aprobaci\u00f3n de la Ley General de Movilidad y Seguridad Vial en el Senado, los estados tendr\u00e1n que garantizar la movilidad &hellip; <a href=\"https:\/\/a3noticias.com.mx\/sandbox\/2022\/04\/08\/gobiernos-deberan-revisar-concesiones-de-transporte-publico-y-garantizar-la-movilidad-gilberto-herrera\/\" class=\"more-link\">Leer m\u00e1s<\/a><\/p>\n","protected":false},"author":2,"featured_media":20072,"comment_status":"open","ping_status":"open","sticky":false,"template":"","format":"standard","meta":{"_monsterinsights_skip_tracking":false,"_monsterinsights_sitenote_active":false,"_monsterinsights_sitenote_note":"","_monsterinsights_sitenote_category":0,"footnotes":""},"categories":[2],"tags":[],"class_list":["post-20071","post","type-post","status-publish","format-standard","has-post-thumbnail","hentry","category-qro","entry"],"aioseo_notices":[],"_links":{"self":[{"href":"https:\/\/a3noticias.com.mx\/sandbox\/wp-json\/wp\/v2\/posts\/20071","targetHints":{"allow":["GET"]}}],"collection":[{"href":"https:\/\/a3noticias.com.mx\/sandbox\/wp-json\/wp\/v2\/posts"}],"about":[{"href":"https:\/\/a3noticias.com.mx\/sandbox\/wp-json\/wp\/v2\/types\/post"}],"author":[{"embeddable":true,"href":"https:\/\/a3noticias.com.mx\/sandbox\/wp-json\/wp\/v2\/users\/2"}],"replies":[{"embeddable":true,"href":"https:\/\/a3noticias.com.mx\/sandbox\/wp-json\/wp\/v2\/comments?post=20071"}],"version-history":[{"count":1,"href":"https:\/\/a3noticias.com.mx\/sandbox\/wp-json\/wp\/v2\/posts\/20071\/revisions"}],"predecessor-version":[{"id":20073,"href":"https:\/\/a3noticias.com.mx\/sandbox\/wp-json\/wp\/v2\/posts\/20071\/revisions\/20073"}],"wp:featuredmedia":[{"embeddable":true,"href":"https:\/\/a3noticias.com.mx\/sandbox\/wp-json\/wp\/v2\/media\/20072"}],"wp:attachment":[{"href":"https:\/\/a3noticias.com.mx\/sandbox\/wp-json\/wp\/v2\/media?parent=20071"}],"wp:term":[{"taxonomy":"category","embeddable":true,"href":"https:\/\/a3noticias.com.mx\/sandbox\/wp-json\/wp\/v2\/categories?post=20071"},{"taxonomy":"post_tag","embeddable":true,"href":"https:\/\/a3noticias.com.mx\/sandbox\/wp-json\/wp\/v2\/tags?post=20071"}],"curies":[{"name":"wp","href":"https:\/\/api.w.org\/{rel}","templated":true}]}}