{"id":20077,"date":"2022-04-08T16:07:27","date_gmt":"2022-04-08T21:07:27","guid":{"rendered":"https:\/\/a3noticias.com.mx\/sandbox\/?p=20077"},"modified":"2022-04-08T16:07:29","modified_gmt":"2022-04-08T21:07:29","slug":"kuri-condena-el-asesinato-de-la-menor-victoria-guadalupe","status":"publish","type":"post","link":"https:\/\/a3noticias.com.mx\/sandbox\/2022\/04\/08\/kuri-condena-el-asesinato-de-la-menor-victoria-guadalupe\/","title":{"rendered":"Kuri condena el asesinato de la menor Victoria Guadalupe."},"content":{"rendered":"\n<p>Luego de que la menor, Victoria Guadalupe Rodr\u00edguez, fuera encontrada sin vida, el gobernador del estado, Mauricio Kuri Gonz\u00e1lez apunt\u00f3 que el hecho violento contra la ni\u00f1a de seis a\u00f1os indigna a la totalidad de la sociedad queretana, y asegur\u00f3 que no quedar\u00e1 impune.<\/p>\n\n\n\n<p>El mandatario estatal dijo que se compromete a castigar con todo el peso de la ley al o los responsables de este hecho, pues se trata de un crimen imperdonable.&nbsp;<\/p>\n\n\n\n<blockquote class=\"wp-block-quote is-layout-flow wp-block-quote-is-layout-flow\"><p>\u201cCondeno en\u00e9rgicamente el homicidio de la menor Victoria Guadalupe. Asumo el compromiso de castigar ejemplarmente a quien haya cometido este imperdonable crimen. Este crimen nos indigna como sociedad y garantizo: no quedar\u00e1 impune\u201d, public\u00f3 en su cuenta de Twitter.<\/p><\/blockquote>\n\n\n\n<blockquote class=\"twitter-tweet\"><p lang=\"es\" dir=\"ltr\">Condeno en\u00e9rgicamente el homicidio de la menor Victoria Guadalupe. <br><br>Asumo el compromiso de castigar ejemplarmente a quien haya cometido este imperdonable crimen. <br><br>Este crimen nos indigna como sociedad y garantizo: no quedar\u00e1 impune.<\/p>&mdash; Mauricio Kuri (@makugo) <a href=\"https:\/\/twitter.com\/makugo\/status\/1512504153901527048?ref_src=twsrc%5Etfw\">April 8, 2022<\/a><\/blockquote> <script async src=\"https:\/\/platform.twitter.com\/widgets.js\" charset=\"utf-8\"><\/script>\n","protected":false},"excerpt":{"rendered":"<p>Luego de que la menor, Victoria Guadalupe Rodr\u00edguez, fuera encontrada sin vida, el gobernador del estado, Mauricio Kuri Gonz\u00e1lez apunt\u00f3 que el hecho violento contra la ni\u00f1a de seis a\u00f1os &hellip; <a href=\"https:\/\/a3noticias.com.mx\/sandbox\/2022\/04\/08\/kuri-condena-el-asesinato-de-la-menor-victoria-guadalupe\/\" class=\"more-link\">Leer m\u00e1s<\/a><\/p>\n","protected":false},"author":2,"featured_media":20078,"comment_status":"open","ping_status":"open","sticky":false,"template":"","format":"standard","meta":{"_monsterinsights_skip_tracking":false,"_monsterinsights_sitenote_active":false,"_monsterinsights_sitenote_note":"","_monsterinsights_sitenote_category":0,"footnotes":""},"categories":[2,11],"tags":[],"class_list":["post-20077","post","type-post","status-publish","format-standard","has-post-thumbnail","hentry","category-qro","category-seg","entry"],"aioseo_notices":[],"_links":{"self":[{"href":"https:\/\/a3noticias.com.mx\/sandbox\/wp-json\/wp\/v2\/posts\/20077","targetHints":{"allow":["GET"]}}],"collection":[{"href":"https:\/\/a3noticias.com.mx\/sandbox\/wp-json\/wp\/v2\/posts"}],"about":[{"href":"https:\/\/a3noticias.com.mx\/sandbox\/wp-json\/wp\/v2\/types\/post"}],"author":[{"embeddable":true,"href":"https:\/\/a3noticias.com.mx\/sandbox\/wp-json\/wp\/v2\/users\/2"}],"replies":[{"embeddable":true,"href":"https:\/\/a3noticias.com.mx\/sandbox\/wp-json\/wp\/v2\/comments?post=20077"}],"version-history":[{"count":1,"href":"https:\/\/a3noticias.com.mx\/sandbox\/wp-json\/wp\/v2\/posts\/20077\/revisions"}],"predecessor-version":[{"id":20079,"href":"https:\/\/a3noticias.com.mx\/sandbox\/wp-json\/wp\/v2\/posts\/20077\/revisions\/20079"}],"wp:featuredmedia":[{"embeddable":true,"href":"https:\/\/a3noticias.com.mx\/sandbox\/wp-json\/wp\/v2\/media\/20078"}],"wp:attachment":[{"href":"https:\/\/a3noticias.com.mx\/sandbox\/wp-json\/wp\/v2\/media?parent=20077"}],"wp:term":[{"taxonomy":"category","embeddable":true,"href":"https:\/\/a3noticias.com.mx\/sandbox\/wp-json\/wp\/v2\/categories?post=20077"},{"taxonomy":"post_tag","embeddable":true,"href":"https:\/\/a3noticias.com.mx\/sandbox\/wp-json\/wp\/v2\/tags?post=20077"}],"curies":[{"name":"wp","href":"https:\/\/api.w.org\/{rel}","templated":true}]}}