{"id":20083,"date":"2022-04-10T09:00:00","date_gmt":"2022-04-10T14:00:00","guid":{"rendered":"https:\/\/a3noticias.com.mx\/sandbox\/?p=20083"},"modified":"2022-04-08T17:43:12","modified_gmt":"2022-04-08T22:43:12","slug":"estas-son-las-actividades-que-se-tienen-preparadas-para-semana-santa-en-la-entidad","status":"publish","type":"post","link":"https:\/\/a3noticias.com.mx\/sandbox\/2022\/04\/10\/estas-son-las-actividades-que-se-tienen-preparadas-para-semana-santa-en-la-entidad\/","title":{"rendered":"Estas son las actividades que se tienen preparadas para semana Santa en la entidad"},"content":{"rendered":"\n<p>La di\u00f3cesis y el Patronato de las Fiestas del Estado de Quer\u00e9taro presentaron el programa de actividades contemplado para Semana Santa, el cual iniciar\u00e1 el pr\u00f3ximo lunes 11, y finalizar\u00e1 el domingo 17 de abril.<\/p>\n\n\n\n<p>Luego de dos a\u00f1os de pandemia, se reanudan las actividades con motivo de semana Santa en la capital del estado, comenzando este domingo 10 de abril con el famoso \u201cdomingo de ramos\u201d, celebraci\u00f3n que se llevar\u00e1 a cabo en las iglesias de la capital queretana.<\/p>\n\n\n\n<p>El lunes 11 de abril, arrancar\u00e1 el&nbsp;<strong>Romancero de la V\u00eda Dolorosa<\/strong>, en la Parroquia de Nuestra Se\u00f1ora de la Paz, en punto de las 20:00 horas.&nbsp;El martes 12 tambi\u00e9n se podr\u00e1 asistir a la celebraci\u00f3n de este evento, el cual tendr\u00e1 lugar en el Templo de la Sant\u00edsima Cruz de los Milagros a las 21:00 horas. De igual manera el mi\u00e9rcoles 13, se llevar\u00e1 a cabo una tercera emisi\u00f3n de \u00e9ste a las 18:00 horas, en la Parroquia de San Francisco de Asis.<\/p>\n\n\n\n<p>Mientras que el viernes 15 de abril se llevar\u00e1 a cabo la tradicional&nbsp;<strong>Procesi\u00f3n del Silencio<\/strong>&nbsp;en punto de las 18:00 horas, iniciando el recorrido en el Templo de la Cruz con rumbo a las calles Felipe de Luna, 5 de Mayo, posteriormente Plaza de Armas, hasta \u00c1ngela Peralta, para finalmente regresar al punto de partida.<\/p>\n\n\n\n<p>Las actividades concluir\u00e1n con la\u00a0<strong>Quema de Judas<\/strong>\u00a0que se realizar\u00e1 el domingo 17 de abril en el andador 5 de Mayo, a un costado del Templo de San Francisco, a las 20:30 horas.<\/p>\n\n\n\n<div class=\"wp-block-image\"><figure class=\"aligncenter size-large is-resized\"><img loading=\"lazy\" decoding=\"async\" src=\"https:\/\/a3noticias.com.mx\/sandbox\/wp-content\/uploads\/2022\/04\/277752281_2012816278887809_1835161554008915807_n-58x90.jpeg\" alt=\"\" class=\"wp-image-20084\" width=\"413\" height=\"641\" srcset=\"https:\/\/a3noticias.com.mx\/sandbox\/wp-content\/uploads\/2022\/04\/277752281_2012816278887809_1835161554008915807_n-58x90.jpeg 58w, https:\/\/a3noticias.com.mx\/sandbox\/wp-content\/uploads\/2022\/04\/277752281_2012816278887809_1835161554008915807_n-194x300.jpeg 194w\" sizes=\"auto, (max-width: 413px) 100vw, 413px\" \/><\/figure><\/div>\n","protected":false},"excerpt":{"rendered":"<p>La di\u00f3cesis y el Patronato de las Fiestas del Estado de Quer\u00e9taro presentaron el programa de actividades contemplado para Semana Santa, el cual iniciar\u00e1 el pr\u00f3ximo lunes 11, y finalizar\u00e1 &hellip; <a href=\"https:\/\/a3noticias.com.mx\/sandbox\/2022\/04\/10\/estas-son-las-actividades-que-se-tienen-preparadas-para-semana-santa-en-la-entidad\/\" class=\"more-link\">Leer m\u00e1s<\/a><\/p>\n","protected":false},"author":4,"featured_media":20085,"comment_status":"open","ping_status":"open","sticky":false,"template":"","format":"standard","meta":{"_monsterinsights_skip_tracking":false,"_monsterinsights_sitenote_active":false,"_monsterinsights_sitenote_note":"","_monsterinsights_sitenote_category":0,"footnotes":""},"categories":[2],"tags":[],"class_list":["post-20083","post","type-post","status-publish","format-standard","has-post-thumbnail","hentry","category-qro","entry"],"aioseo_notices":[],"_links":{"self":[{"href":"https:\/\/a3noticias.com.mx\/sandbox\/wp-json\/wp\/v2\/posts\/20083","targetHints":{"allow":["GET"]}}],"collection":[{"href":"https:\/\/a3noticias.com.mx\/sandbox\/wp-json\/wp\/v2\/posts"}],"about":[{"href":"https:\/\/a3noticias.com.mx\/sandbox\/wp-json\/wp\/v2\/types\/post"}],"author":[{"embeddable":true,"href":"https:\/\/a3noticias.com.mx\/sandbox\/wp-json\/wp\/v2\/users\/4"}],"replies":[{"embeddable":true,"href":"https:\/\/a3noticias.com.mx\/sandbox\/wp-json\/wp\/v2\/comments?post=20083"}],"version-history":[{"count":1,"href":"https:\/\/a3noticias.com.mx\/sandbox\/wp-json\/wp\/v2\/posts\/20083\/revisions"}],"predecessor-version":[{"id":20086,"href":"https:\/\/a3noticias.com.mx\/sandbox\/wp-json\/wp\/v2\/posts\/20083\/revisions\/20086"}],"wp:featuredmedia":[{"embeddable":true,"href":"https:\/\/a3noticias.com.mx\/sandbox\/wp-json\/wp\/v2\/media\/20085"}],"wp:attachment":[{"href":"https:\/\/a3noticias.com.mx\/sandbox\/wp-json\/wp\/v2\/media?parent=20083"}],"wp:term":[{"taxonomy":"category","embeddable":true,"href":"https:\/\/a3noticias.com.mx\/sandbox\/wp-json\/wp\/v2\/categories?post=20083"},{"taxonomy":"post_tag","embeddable":true,"href":"https:\/\/a3noticias.com.mx\/sandbox\/wp-json\/wp\/v2\/tags?post=20083"}],"curies":[{"name":"wp","href":"https:\/\/api.w.org\/{rel}","templated":true}]}}