{"id":20087,"date":"2022-04-09T11:00:00","date_gmt":"2022-04-09T16:00:00","guid":{"rendered":"https:\/\/a3noticias.com.mx\/sandbox\/?p=20087"},"modified":"2022-04-08T18:25:47","modified_gmt":"2022-04-08T23:25:47","slug":"esto-es-lo-que-encontraras-en-el-queretaro-festival-de-la-ciudad-2022","status":"publish","type":"post","link":"https:\/\/a3noticias.com.mx\/sandbox\/2022\/04\/09\/esto-es-lo-que-encontraras-en-el-queretaro-festival-de-la-ciudad-2022\/","title":{"rendered":"Esto es lo que encontrar\u00e1s en el Quer\u00e9taro Festival de la Ciudad 2022"},"content":{"rendered":"\n<p>A partir del 20 y hasta el 29 de abril, se realizar\u00e1 el \u201cQuer\u00e9taro Festival de la Ciudad 2022\u201d el cual, contempla un programa gratuito para que tanto visitantes como habitantes del estado puedan disfrutar de las actividades programadas para esta Semana Santa.<\/p>\n\n\n\n<p>El festival incluye 56 actividades con la presencia de 205 artistas nacionales y locales. Este contar\u00e1 con dos l\u00edneas: la primera que contempla presentaciones de coro, conciertos de Flauta, as\u00ed como funciones teatrales en el Teatro de la Ciudad; y la segunda, la cual se enfocar\u00e1 al p\u00fablico infantil y juvenil.<\/p>\n\n\n\n<p>El \u201cQuer\u00e9taro Festival de la Ciudad 2022\u201d, se presentar\u00e1 en las delegaciones y contar\u00e1 con talleres, animes, bibliotecas m\u00f3viles, obras de teatro, conciertos, danzas, cine y actividades con realidad virtual para el disfrute de turistas, as\u00ed como de las y los residentes de la ciudad.<\/p>\n\n\n\n<p>Algunos de los espect\u00e1culos que se podr\u00e1n presenciar son: \u201cSendas del Barroco\u201d con el flautista internacional Horacio Franco; \u201cR\u00e9quiem\u201d de Gabriel Faur\u00e9 con el coro de Guanajuato junto con el coro del Municipio y la Camerata dirigida por Jes\u00fas Almanza; as\u00ed como la obra \u201cAp\u00f3crifo, aproximaciones de una vida\u201d basado en \u201cLa Pasi\u00f3n seg\u00fan San Juan\u201d de Johann Sebastian Bach, con la coreograf\u00eda de Jaime Blanc, los cuales son tres eventos de primer nivel.&nbsp;<\/p>\n\n\n\n<blockquote class=\"wp-block-quote is-layout-flow wp-block-quote-is-layout-flow\"><p>\u201cComo ya es tradici\u00f3n de la mano de la Secretar\u00eda de la Cultura, el Municipio de Quer\u00e9taro realiza este Festival durante la Semana de Pascua para que las y los queretanos y visitantes disfruten de los eventos programados. Nuestro objetivo es que turistas y residentes vivan la cultura desde la ciencia, la tecnolog\u00eda y lo urbano sin olvidar el pasado y el patrimonio hist\u00f3rico. Queremos que turistas y residentes disfruten de la ciudad\u201d, inform\u00f3 el presidente municipal de Quer\u00e9taro, Luis Nava, en rueda de prensa.<\/p><\/blockquote>\n\n\n\n<p><\/p>\n","protected":false},"excerpt":{"rendered":"<p>A partir del 20 y hasta el 29 de abril, se realizar\u00e1 el \u201cQuer\u00e9taro Festival de la Ciudad 2022\u201d el cual, contempla un programa gratuito para que tanto visitantes como &hellip; <a href=\"https:\/\/a3noticias.com.mx\/sandbox\/2022\/04\/09\/esto-es-lo-que-encontraras-en-el-queretaro-festival-de-la-ciudad-2022\/\" class=\"more-link\">Leer m\u00e1s<\/a><\/p>\n","protected":false},"author":4,"featured_media":20088,"comment_status":"open","ping_status":"open","sticky":false,"template":"","format":"standard","meta":{"_monsterinsights_skip_tracking":false,"_monsterinsights_sitenote_active":false,"_monsterinsights_sitenote_note":"","_monsterinsights_sitenote_category":0,"footnotes":""},"categories":[2],"tags":[],"class_list":["post-20087","post","type-post","status-publish","format-standard","has-post-thumbnail","hentry","category-qro","entry"],"aioseo_notices":[],"_links":{"self":[{"href":"https:\/\/a3noticias.com.mx\/sandbox\/wp-json\/wp\/v2\/posts\/20087","targetHints":{"allow":["GET"]}}],"collection":[{"href":"https:\/\/a3noticias.com.mx\/sandbox\/wp-json\/wp\/v2\/posts"}],"about":[{"href":"https:\/\/a3noticias.com.mx\/sandbox\/wp-json\/wp\/v2\/types\/post"}],"author":[{"embeddable":true,"href":"https:\/\/a3noticias.com.mx\/sandbox\/wp-json\/wp\/v2\/users\/4"}],"replies":[{"embeddable":true,"href":"https:\/\/a3noticias.com.mx\/sandbox\/wp-json\/wp\/v2\/comments?post=20087"}],"version-history":[{"count":1,"href":"https:\/\/a3noticias.com.mx\/sandbox\/wp-json\/wp\/v2\/posts\/20087\/revisions"}],"predecessor-version":[{"id":20089,"href":"https:\/\/a3noticias.com.mx\/sandbox\/wp-json\/wp\/v2\/posts\/20087\/revisions\/20089"}],"wp:featuredmedia":[{"embeddable":true,"href":"https:\/\/a3noticias.com.mx\/sandbox\/wp-json\/wp\/v2\/media\/20088"}],"wp:attachment":[{"href":"https:\/\/a3noticias.com.mx\/sandbox\/wp-json\/wp\/v2\/media?parent=20087"}],"wp:term":[{"taxonomy":"category","embeddable":true,"href":"https:\/\/a3noticias.com.mx\/sandbox\/wp-json\/wp\/v2\/categories?post=20087"},{"taxonomy":"post_tag","embeddable":true,"href":"https:\/\/a3noticias.com.mx\/sandbox\/wp-json\/wp\/v2\/tags?post=20087"}],"curies":[{"name":"wp","href":"https:\/\/api.w.org\/{rel}","templated":true}]}}