{"id":20092,"date":"2022-04-10T13:00:00","date_gmt":"2022-04-10T18:00:00","guid":{"rendered":"https:\/\/a3noticias.com.mx\/sandbox\/?p=20092"},"modified":"2022-04-08T22:15:26","modified_gmt":"2022-04-09T03:15:26","slug":"feministas-convocan-a-marcha-por-muerte-de-victoria-guadalupe","status":"publish","type":"post","link":"https:\/\/a3noticias.com.mx\/sandbox\/2022\/04\/10\/feministas-convocan-a-marcha-por-muerte-de-victoria-guadalupe\/","title":{"rendered":"Feministas convocan a marcha por muerte de Victoria Guadalupe"},"content":{"rendered":"\n<p>Colectivos feministas se han programado para marchar este lunes para exigir justicia por Victoria Guadalupe, la menor encontrada sin vida en un Fraccionamiento de el Marqu\u00e9s el pasado viernes.<\/p>\n\n\n\n<p>A trav\u00e9s de redes sociales, diversos grupos de mujeres pertenecientes a colectivos feministas han convocado a una marcha pac\u00edfica este lunes a las 3 de la tarde, para exigir a las autoridades justicia por la muerte de la peque\u00f1a de seis a\u00f1os Victoria Guadalupe Rodr\u00edguez.<\/p>\n\n\n\n<p>El recorrido se tiene programado comience en la alameda por la entrada que da rumbo a Zaragoza y podr\u00e1n identificarse por una lona que guiar\u00e1 al contingente al punto destino de la marcha.<\/p>\n\n\n\n<p>Asimismo, anunciaron que habr\u00e1 contingentes con infancias y que las asistentes deber\u00e1n llevar velas, flores blancas y carteles.<\/p>\n\n\n\n<div class=\"wp-block-image\"><figure class=\"aligncenter size-large is-resized\"><img loading=\"lazy\" decoding=\"async\" src=\"https:\/\/a3noticias.com.mx\/sandbox\/wp-content\/uploads\/2022\/04\/278138012_663363894970952_8517972802109896926_n-90x90.jpeg\" alt=\"\" class=\"wp-image-20093\" width=\"533\" height=\"533\" srcset=\"https:\/\/a3noticias.com.mx\/sandbox\/wp-content\/uploads\/2022\/04\/278138012_663363894970952_8517972802109896926_n-90x90.jpeg 90w, https:\/\/a3noticias.com.mx\/sandbox\/wp-content\/uploads\/2022\/04\/278138012_663363894970952_8517972802109896926_n-300x300.jpeg 300w, https:\/\/a3noticias.com.mx\/sandbox\/wp-content\/uploads\/2022\/04\/278138012_663363894970952_8517972802109896926_n-150x150.jpeg 150w, https:\/\/a3noticias.com.mx\/sandbox\/wp-content\/uploads\/2022\/04\/278138012_663363894970952_8517972802109896926_n-768x768.jpeg 768w, https:\/\/a3noticias.com.mx\/sandbox\/wp-content\/uploads\/2022\/04\/278138012_663363894970952_8517972802109896926_n.jpeg 1440w\" sizes=\"auto, (max-width: 533px) 100vw, 533px\" \/><\/figure><\/div>\n","protected":false},"excerpt":{"rendered":"<p>Colectivos feministas se han programado para marchar este lunes para exigir justicia por Victoria Guadalupe, la menor encontrada sin vida en un Fraccionamiento de el Marqu\u00e9s el pasado viernes. A &hellip; <a href=\"https:\/\/a3noticias.com.mx\/sandbox\/2022\/04\/10\/feministas-convocan-a-marcha-por-muerte-de-victoria-guadalupe\/\" class=\"more-link\">Leer m\u00e1s<\/a><\/p>\n","protected":false},"author":4,"featured_media":20094,"comment_status":"open","ping_status":"open","sticky":false,"template":"","format":"standard","meta":{"_monsterinsights_skip_tracking":false,"_monsterinsights_sitenote_active":false,"_monsterinsights_sitenote_note":"","_monsterinsights_sitenote_category":0,"footnotes":""},"categories":[2],"tags":[],"class_list":["post-20092","post","type-post","status-publish","format-standard","has-post-thumbnail","hentry","category-qro","entry"],"aioseo_notices":[],"_links":{"self":[{"href":"https:\/\/a3noticias.com.mx\/sandbox\/wp-json\/wp\/v2\/posts\/20092","targetHints":{"allow":["GET"]}}],"collection":[{"href":"https:\/\/a3noticias.com.mx\/sandbox\/wp-json\/wp\/v2\/posts"}],"about":[{"href":"https:\/\/a3noticias.com.mx\/sandbox\/wp-json\/wp\/v2\/types\/post"}],"author":[{"embeddable":true,"href":"https:\/\/a3noticias.com.mx\/sandbox\/wp-json\/wp\/v2\/users\/4"}],"replies":[{"embeddable":true,"href":"https:\/\/a3noticias.com.mx\/sandbox\/wp-json\/wp\/v2\/comments?post=20092"}],"version-history":[{"count":1,"href":"https:\/\/a3noticias.com.mx\/sandbox\/wp-json\/wp\/v2\/posts\/20092\/revisions"}],"predecessor-version":[{"id":20095,"href":"https:\/\/a3noticias.com.mx\/sandbox\/wp-json\/wp\/v2\/posts\/20092\/revisions\/20095"}],"wp:featuredmedia":[{"embeddable":true,"href":"https:\/\/a3noticias.com.mx\/sandbox\/wp-json\/wp\/v2\/media\/20094"}],"wp:attachment":[{"href":"https:\/\/a3noticias.com.mx\/sandbox\/wp-json\/wp\/v2\/media?parent=20092"}],"wp:term":[{"taxonomy":"category","embeddable":true,"href":"https:\/\/a3noticias.com.mx\/sandbox\/wp-json\/wp\/v2\/categories?post=20092"},{"taxonomy":"post_tag","embeddable":true,"href":"https:\/\/a3noticias.com.mx\/sandbox\/wp-json\/wp\/v2\/tags?post=20092"}],"curies":[{"name":"wp","href":"https:\/\/api.w.org\/{rel}","templated":true}]}}