{"id":20096,"date":"2022-04-10T16:00:00","date_gmt":"2022-04-10T21:00:00","guid":{"rendered":"https:\/\/a3noticias.com.mx\/sandbox\/?p=20096"},"modified":"2022-04-08T23:21:44","modified_gmt":"2022-04-09T04:21:44","slug":"domingo-de-ramos-origen-y-significado","status":"publish","type":"post","link":"https:\/\/a3noticias.com.mx\/sandbox\/2022\/04\/10\/domingo-de-ramos-origen-y-significado\/","title":{"rendered":"Domingo de ramos: origen y significado"},"content":{"rendered":"\n<p>El Domingo de Ramos es una celebraci\u00f3n cristiana en la que se conmemora la entrada de Jesucristo a Jerusal\u00e9n y su aclamaci\u00f3n como hijo de Dios. Se celebra en el sexto domingo de la Cuaresma, y con \u00e9l se da inicio a la Semana Santa. Este a\u00f1o, esta importante fecha religiosa cay\u00f3 este domingo 10 de abril.<\/p>\n\n\n\n<p>\u00bfPorqu\u00e9 se llama Domingo de Ramos?<\/p>\n\n\n\n<p>Esta celebraci\u00f3n lleva su nombre debido a que Jes\u00fas fue obsequiado con ramos de palma y olivo, a su llegada a Jerusal\u00e9n.<\/p>\n\n\n\n<p>Su origen:<\/p>\n\n\n\n<p>Se dice que el d\u00eda que Jes\u00fas arrib\u00f3 a Jerusal\u00e9n, entr\u00f3 de manera triunfal montado en un burro y que la multitud le dio la bienvenida con hojas de palma en las manos. El evangelio de Mateo relata que \u201cla multitud que era muy numerosa, tend\u00eda sus mantos en el camino y otros cortaban ramas de los \u00e1rboles, y las tend\u00edan en el camino\u201d.<\/p>\n\n\n\n<p>\u00bfQu\u00e9 se hace este d\u00eda?<\/p>\n\n\n\n<p>Siguiendo la tradici\u00f3n, los cat\u00f3licos acuden a la iglesia para bendecir sus hojas de palma, o bien, pueden llevar otro tipo de plantas como el olivo o abeto.\u00a0\u00a0<\/p>\n\n\n\n<figure class=\"wp-block-embed-twitter wp-block-embed is-type-rich is-provider-twitter\"><div class=\"wp-block-embed__wrapper\">\n<blockquote class=\"twitter-tweet\" data-width=\"550\" data-dnt=\"true\"><p lang=\"es\" dir=\"ltr\">Jes\u00fas de Nazaret ha llegado a Jerusal\u00e9n, montado sobre un asno y fue aclamado como rey por sus seguidores, quienes extendieron mantos, ramas de olivo y de palma a su paso. Gritaban: \u201c\u00a1Bendito el que viene en el nombre del Se\u00f1or!\u201d; \u201c\u00a1Hosanna en las alturas!\u201d. <a href=\"https:\/\/t.co\/hzCzFzk4TW\">pic.twitter.com\/hzCzFzk4TW<\/a><\/p>&mdash; M\u00f3nica Vel\u00e1squez (@MoniVelasquezV) <a href=\"https:\/\/twitter.com\/MoniVelasquezV\/status\/1246766686545555456?ref_src=twsrc%5Etfw\">April 5, 2020<\/a><\/blockquote><script async src=\"https:\/\/platform.twitter.com\/widgets.js\" charset=\"utf-8\"><\/script>\n<\/div><\/figure>\n","protected":false},"excerpt":{"rendered":"<p>El Domingo de Ramos es una celebraci\u00f3n cristiana en la que se conmemora la entrada de Jesucristo a Jerusal\u00e9n y su aclamaci\u00f3n como hijo de Dios. Se celebra en el &hellip; <a href=\"https:\/\/a3noticias.com.mx\/sandbox\/2022\/04\/10\/domingo-de-ramos-origen-y-significado\/\" class=\"more-link\">Leer m\u00e1s<\/a><\/p>\n","protected":false},"author":4,"featured_media":20097,"comment_status":"open","ping_status":"open","sticky":false,"template":"","format":"standard","meta":{"_monsterinsights_skip_tracking":false,"_monsterinsights_sitenote_active":false,"_monsterinsights_sitenote_note":"","_monsterinsights_sitenote_category":0,"footnotes":""},"categories":[9],"tags":[],"class_list":["post-20096","post","type-post","status-publish","format-standard","has-post-thumbnail","hentry","category-cultura","entry"],"aioseo_notices":[],"_links":{"self":[{"href":"https:\/\/a3noticias.com.mx\/sandbox\/wp-json\/wp\/v2\/posts\/20096","targetHints":{"allow":["GET"]}}],"collection":[{"href":"https:\/\/a3noticias.com.mx\/sandbox\/wp-json\/wp\/v2\/posts"}],"about":[{"href":"https:\/\/a3noticias.com.mx\/sandbox\/wp-json\/wp\/v2\/types\/post"}],"author":[{"embeddable":true,"href":"https:\/\/a3noticias.com.mx\/sandbox\/wp-json\/wp\/v2\/users\/4"}],"replies":[{"embeddable":true,"href":"https:\/\/a3noticias.com.mx\/sandbox\/wp-json\/wp\/v2\/comments?post=20096"}],"version-history":[{"count":1,"href":"https:\/\/a3noticias.com.mx\/sandbox\/wp-json\/wp\/v2\/posts\/20096\/revisions"}],"predecessor-version":[{"id":20098,"href":"https:\/\/a3noticias.com.mx\/sandbox\/wp-json\/wp\/v2\/posts\/20096\/revisions\/20098"}],"wp:featuredmedia":[{"embeddable":true,"href":"https:\/\/a3noticias.com.mx\/sandbox\/wp-json\/wp\/v2\/media\/20097"}],"wp:attachment":[{"href":"https:\/\/a3noticias.com.mx\/sandbox\/wp-json\/wp\/v2\/media?parent=20096"}],"wp:term":[{"taxonomy":"category","embeddable":true,"href":"https:\/\/a3noticias.com.mx\/sandbox\/wp-json\/wp\/v2\/categories?post=20096"},{"taxonomy":"post_tag","embeddable":true,"href":"https:\/\/a3noticias.com.mx\/sandbox\/wp-json\/wp\/v2\/tags?post=20096"}],"curies":[{"name":"wp","href":"https:\/\/api.w.org\/{rel}","templated":true}]}}