{"id":20099,"date":"2022-04-10T16:13:48","date_gmt":"2022-04-10T21:13:48","guid":{"rendered":"https:\/\/a3noticias.com.mx\/sandbox\/?p=20099"},"modified":"2022-04-10T16:13:49","modified_gmt":"2022-04-10T21:13:49","slug":"detienen-a-presunto-feminicida-de-victoria-guadalupe","status":"publish","type":"post","link":"https:\/\/a3noticias.com.mx\/sandbox\/2022\/04\/10\/detienen-a-presunto-feminicida-de-victoria-guadalupe\/","title":{"rendered":"Detienen a presunto feminicida de Victoria Guadalupe"},"content":{"rendered":"\n<p>La Fiscal\u00eda General del Estado (FGE), inform\u00f3 de la detenci\u00f3n de un hombre por su presunta participaci\u00f3n en el homicidio de la menor Victoria Guadalupe, de seis a\u00f1os, hallada muerta en un condominio de el municipio de El Marqu\u00e9s, el pasado viernes.<\/p>\n\n\n\n<p>Luego de llevar a cabo las periciales correspondientes y realizar 108 cateos en domicilios del condominio El Moro, ubicado en el fraccionamiento Paseos del Marqu\u00e9s, del municipio del mismo nombre, lugar en donde desapareci\u00f3 la menor el pasado mi\u00e9rcoles y posteriormente, fue hallada muerta el pasado viernes, la Fiscal\u00eda inform\u00f3 que este domingo se detuvo con una orden de aprehensi\u00f3n al presunto feminicida de Victoria Guadalupe.<\/p>\n\n\n\n<p>Los resultados de la necrocirug\u00eda arrojaron que la muerte de la menor fue a causa de asfixia por estrangulamiento, asimismo, se encontraron lesiones de car\u00e1cter sexual en su cuerpo.<\/p>\n\n\n\n<p>Adem\u00e1s, el cronotanatodiagn\u00f3stico determin\u00f3 que la muerte habr\u00eda ocurrido aproximadamente 48 horas antes de la intervenci\u00f3n pericial, lo que significa que para el momento en que las autoridades recibieron el reporte de no localizaci\u00f3n, Victoria Guadalupe ya hab\u00eda fallecido.<\/p>\n\n\n\n<p>El hombre detenido tiene 26 a\u00f1os de edad y es originario del estado de Oaxaca. De acuerdo con su declaraci\u00f3n ten\u00eda viviendo en ese departamento, un tiempo aproximado de dos meses.&nbsp;<\/p>\n\n\n\n<p>La Fiscal\u00eda como parte de las investigaciones, asegur\u00f3 en diversos momentos a seis personas, dos de ellos en los cateos realizados por la dependencia estatal, a todos ellos, se les aplicaron actos de investigaci\u00f3n tendientes a corroborar su posible participaci\u00f3n en los hechos, resultando con datos positivos uno de ellos, por lo que se este domingo se solicit\u00f3 y obtuvo la orden de aprehensi\u00f3n por el delito de feminicidio.<\/p>\n\n\n\n<p>Hoy fue ingresado al Centro de Reinserci\u00f3n Social de San Jos\u00e9 el Alto y puesto a disposici\u00f3n de la autoridad judicial. En la audiencia inicial, se buscar\u00e1 su vinculaci\u00f3n a proceso por el delito de feminicidio.<\/p>\n","protected":false},"excerpt":{"rendered":"<p>La Fiscal\u00eda General del Estado (FGE), inform\u00f3 de la detenci\u00f3n de un hombre por su presunta participaci\u00f3n en el homicidio de la menor Victoria Guadalupe, de seis a\u00f1os, hallada muerta &hellip; <a href=\"https:\/\/a3noticias.com.mx\/sandbox\/2022\/04\/10\/detienen-a-presunto-feminicida-de-victoria-guadalupe\/\" class=\"more-link\">Leer m\u00e1s<\/a><\/p>\n","protected":false},"author":4,"featured_media":20100,"comment_status":"open","ping_status":"open","sticky":false,"template":"","format":"standard","meta":{"_monsterinsights_skip_tracking":false,"_monsterinsights_sitenote_active":false,"_monsterinsights_sitenote_note":"","_monsterinsights_sitenote_category":0,"footnotes":""},"categories":[11],"tags":[],"class_list":["post-20099","post","type-post","status-publish","format-standard","has-post-thumbnail","hentry","category-seg","entry"],"aioseo_notices":[],"_links":{"self":[{"href":"https:\/\/a3noticias.com.mx\/sandbox\/wp-json\/wp\/v2\/posts\/20099","targetHints":{"allow":["GET"]}}],"collection":[{"href":"https:\/\/a3noticias.com.mx\/sandbox\/wp-json\/wp\/v2\/posts"}],"about":[{"href":"https:\/\/a3noticias.com.mx\/sandbox\/wp-json\/wp\/v2\/types\/post"}],"author":[{"embeddable":true,"href":"https:\/\/a3noticias.com.mx\/sandbox\/wp-json\/wp\/v2\/users\/4"}],"replies":[{"embeddable":true,"href":"https:\/\/a3noticias.com.mx\/sandbox\/wp-json\/wp\/v2\/comments?post=20099"}],"version-history":[{"count":1,"href":"https:\/\/a3noticias.com.mx\/sandbox\/wp-json\/wp\/v2\/posts\/20099\/revisions"}],"predecessor-version":[{"id":20101,"href":"https:\/\/a3noticias.com.mx\/sandbox\/wp-json\/wp\/v2\/posts\/20099\/revisions\/20101"}],"wp:featuredmedia":[{"embeddable":true,"href":"https:\/\/a3noticias.com.mx\/sandbox\/wp-json\/wp\/v2\/media\/20100"}],"wp:attachment":[{"href":"https:\/\/a3noticias.com.mx\/sandbox\/wp-json\/wp\/v2\/media?parent=20099"}],"wp:term":[{"taxonomy":"category","embeddable":true,"href":"https:\/\/a3noticias.com.mx\/sandbox\/wp-json\/wp\/v2\/categories?post=20099"},{"taxonomy":"post_tag","embeddable":true,"href":"https:\/\/a3noticias.com.mx\/sandbox\/wp-json\/wp\/v2\/tags?post=20099"}],"curies":[{"name":"wp","href":"https:\/\/api.w.org\/{rel}","templated":true}]}}