{"id":20102,"date":"2022-04-11T10:11:56","date_gmt":"2022-04-11T15:11:56","guid":{"rendered":"https:\/\/a3noticias.com.mx\/sandbox\/?p=20102"},"modified":"2022-04-11T10:11:56","modified_gmt":"2022-04-11T15:11:56","slug":"amlo-compara-consulta-de-revocacion-de-mandato-con-voto-de-la-mujer","status":"publish","type":"post","link":"https:\/\/a3noticias.com.mx\/sandbox\/2022\/04\/11\/amlo-compara-consulta-de-revocacion-de-mandato-con-voto-de-la-mujer\/","title":{"rendered":"AMLO compara consulta de revocaci\u00f3n de mandato con voto de la mujer."},"content":{"rendered":"\n<p>El presidente Andr\u00e9s Manuel L\u00f3pez Obrador, dijo durante la conferencia \u201cLa Ma\u00f1anera\u201d de este lunes que hubo m\u00e1s gente que vot\u00f3 durante la consulta de revocaci\u00f3n de mandato llevada a cabo ayer que en el 2006 por Felipe Calder\u00f3n Hinojosa.&nbsp;<\/p>\n\n\n\n<p>Detall\u00f3 que, con el 99.32 por ciento de las casillas computadas, de los 16 millones 392 mil 522 votos registrados en la consulta de revocaci\u00f3n de mandato, 15 millones 60 mil 746 fueron para que siga en el cargo; es decir, 143 mil 819 m\u00e1s que los que obtuvieron en 2006 Felipe Calder\u00f3n y el PAN.<\/p>\n\n\n\n<p>El jefe del Ejecutivo federal&nbsp; asegur\u00f3 que la consulta de revocaci\u00f3n de mandato de este 10 de abril fue \u201cun \u00e9xito completo\u201d pues la gente actu\u00f3 con mucha responsabilidad.<\/p>\n\n\n\n<blockquote class=\"wp-block-quote is-layout-flow wp-block-quote-is-layout-flow\"><p>\u201cEstamos ante un hecho hist\u00f3rico, es algo in\u00e9dito en la historia de nuestro pa\u00eds\u201d<\/p><\/blockquote>\n\n\n\n<p>Ante las cr\u00edticas de los opositores debido a que s\u00f3lo particip\u00f3 entre el 17 y 18.2 por ciento de los 92.8 millones de mexicanos llamados a votar ayer, el mandatario&nbsp; insisti\u00f3 en que el INE s\u00f3lo instal\u00f3 un tercio de las casillas que se instalaron en las elecciones de 2018 y que pese a eso la gente sali\u00f3 a votar. Por lo que reiter\u00f3 que el proceso tuvo un intento de boicot por parte del Instituto Nacional Electoral.&nbsp;<\/p>\n\n\n\n<blockquote class=\"wp-block-quote is-layout-flow wp-block-quote-is-layout-flow\"><p>\u201cHay que tomar en cuenta que no se instalaron todas las casillas, se instal\u00f3 un tercio de \u00e9stas (\u2026). Esto lo digo porque nuestros adversarios dicen que no logramos ni la mitad de los votos que obtuvimos, s\u00ed, nada m\u00e1s que con la tercera parte de las casillas y con todas las trampas o boicot del INE.<\/p><\/blockquote>\n\n\n\n<p>En ese sentido, AMLO reclam\u00f3 a los partidos de oposici\u00f3n por no promover la consulta de revocaci\u00f3n de mandato dado que estimaron que no pod\u00eda ganar que no contin\u00fae como presidente.<\/p>\n\n\n\n<blockquote class=\"wp-block-quote is-layout-flow wp-block-quote-is-layout-flow\"><p>\u201cLos mismos dirigentes de los partidos \u00bfqu\u00e9 calcularon? No vamos a ganar y si no vamos a ganar, \u00bfpara qu\u00e9 participamos? \u00bfLa democracia es ganar, ganar y ganar? No, es hacer valer el derecho que tiene el pueblo de elegir a sus autoridades\u201d<\/p><\/blockquote>\n\n\n\n<p>Sostuvo que la consulta de revocaci\u00f3n de mandato es un proceso hist\u00f3rico de la democracia en el pa\u00eds, e incluso lo compar\u00f3 con el voto de la mujer, resalt\u00f3 que M\u00e9xico todav\u00eda est\u00e1 \u201cdando los primeros pasos\u201d en materia de democracia porque en gobiernos anteriores s\u00f3lo era simulaci\u00f3n.<\/p>\n\n\n\n<p>Adem\u00e1s, L\u00f3pez Obrador dijo que descarta estar en b\u00fasqueda de reelegirse; dijo ser un hombre de principios y que acabar\u00e1 su gobierno en septiembre de 2024.<\/p>\n\n\n\n<blockquote class=\"wp-block-quote is-layout-flow wp-block-quote-is-layout-flow\"><p>\u201cMuchos tambi\u00e9n confundidos que no me conocen, pensando que con esto ya lo que segu\u00eda era la reelecci\u00f3n. Soy un hombre de principios, de ideales&#8230; yo lo que quiero es terminar en septiembre\u201d<\/p><\/blockquote>\n","protected":false},"excerpt":{"rendered":"<p>El presidente Andr\u00e9s Manuel L\u00f3pez Obrador, dijo durante la conferencia \u201cLa Ma\u00f1anera\u201d de este lunes que hubo m\u00e1s gente que vot\u00f3 durante la consulta de revocaci\u00f3n de mandato llevada a &hellip; <a href=\"https:\/\/a3noticias.com.mx\/sandbox\/2022\/04\/11\/amlo-compara-consulta-de-revocacion-de-mandato-con-voto-de-la-mujer\/\" class=\"more-link\">Leer m\u00e1s<\/a><\/p>\n","protected":false},"author":2,"featured_media":20103,"comment_status":"open","ping_status":"open","sticky":false,"template":"","format":"standard","meta":{"_monsterinsights_skip_tracking":false,"_monsterinsights_sitenote_active":false,"_monsterinsights_sitenote_note":"","_monsterinsights_sitenote_category":0,"footnotes":""},"categories":[3],"tags":[],"class_list":["post-20102","post","type-post","status-publish","format-standard","has-post-thumbnail","hentry","category-nal","entry"],"aioseo_notices":[],"_links":{"self":[{"href":"https:\/\/a3noticias.com.mx\/sandbox\/wp-json\/wp\/v2\/posts\/20102","targetHints":{"allow":["GET"]}}],"collection":[{"href":"https:\/\/a3noticias.com.mx\/sandbox\/wp-json\/wp\/v2\/posts"}],"about":[{"href":"https:\/\/a3noticias.com.mx\/sandbox\/wp-json\/wp\/v2\/types\/post"}],"author":[{"embeddable":true,"href":"https:\/\/a3noticias.com.mx\/sandbox\/wp-json\/wp\/v2\/users\/2"}],"replies":[{"embeddable":true,"href":"https:\/\/a3noticias.com.mx\/sandbox\/wp-json\/wp\/v2\/comments?post=20102"}],"version-history":[{"count":1,"href":"https:\/\/a3noticias.com.mx\/sandbox\/wp-json\/wp\/v2\/posts\/20102\/revisions"}],"predecessor-version":[{"id":20104,"href":"https:\/\/a3noticias.com.mx\/sandbox\/wp-json\/wp\/v2\/posts\/20102\/revisions\/20104"}],"wp:featuredmedia":[{"embeddable":true,"href":"https:\/\/a3noticias.com.mx\/sandbox\/wp-json\/wp\/v2\/media\/20103"}],"wp:attachment":[{"href":"https:\/\/a3noticias.com.mx\/sandbox\/wp-json\/wp\/v2\/media?parent=20102"}],"wp:term":[{"taxonomy":"category","embeddable":true,"href":"https:\/\/a3noticias.com.mx\/sandbox\/wp-json\/wp\/v2\/categories?post=20102"},{"taxonomy":"post_tag","embeddable":true,"href":"https:\/\/a3noticias.com.mx\/sandbox\/wp-json\/wp\/v2\/tags?post=20102"}],"curies":[{"name":"wp","href":"https:\/\/api.w.org\/{rel}","templated":true}]}}