{"id":20112,"date":"2022-04-11T12:10:03","date_gmt":"2022-04-11T17:10:03","guid":{"rendered":"https:\/\/a3noticias.com.mx\/sandbox\/?p=20112"},"modified":"2022-04-11T12:10:04","modified_gmt":"2022-04-11T17:10:04","slug":"rectora-de-la-uaq-recomienda-continuar-con-el-uso-de-cubrebocas","status":"publish","type":"post","link":"https:\/\/a3noticias.com.mx\/sandbox\/2022\/04\/11\/rectora-de-la-uaq-recomienda-continuar-con-el-uso-de-cubrebocas\/","title":{"rendered":"Rectora de la UAQ recomienda continuar con el uso de cubrebocas."},"content":{"rendered":"\n<p>La Dra. Teresa Garc\u00eda Gasca, rectora de la Universidad Aut\u00f3noma de Quer\u00e9taro (UAQ), se\u00f1al\u00f3 que pese a las nuevas determinaciones del Comit\u00e9 T\u00e9cnico de Salud, en el sentido de dejar de usar el cubrebocas en espacios abiertos, ella recomienda que se siga utilizando.&nbsp;<\/p>\n\n\n\n<blockquote class=\"wp-block-quote is-layout-flow wp-block-quote-is-layout-flow\"><p>\u201cAunque de alguna manera estemos caminando en el centro de la ciudad o estemos en una plaza comercial, donde haya espacios abiertos, podamos usar el cubrebocas de todas formas\u201d.<\/p><\/blockquote>\n\n\n\n<p>Lo anterior porque, resalta la rectora, el mundo sigue en pandemia, por lo que los riesgos de nuevas variantes siguen latentes.&nbsp;<\/p>\n\n\n\n<blockquote class=\"wp-block-quote is-layout-flow wp-block-quote-is-layout-flow\"><p>\u201cActualmente est\u00e1n circulando, principalmente todas las subvariantes de \u00d3micron, que son much\u00edsimas\u201d.\u00a0<\/p><\/blockquote>\n","protected":false},"excerpt":{"rendered":"<p>La Dra. Teresa Garc\u00eda Gasca, rectora de la Universidad Aut\u00f3noma de Quer\u00e9taro (UAQ), se\u00f1al\u00f3 que pese a las nuevas determinaciones del Comit\u00e9 T\u00e9cnico de Salud, en el sentido de dejar &hellip; <a href=\"https:\/\/a3noticias.com.mx\/sandbox\/2022\/04\/11\/rectora-de-la-uaq-recomienda-continuar-con-el-uso-de-cubrebocas\/\" class=\"more-link\">Leer m\u00e1s<\/a><\/p>\n","protected":false},"author":2,"featured_media":20113,"comment_status":"open","ping_status":"open","sticky":false,"template":"","format":"standard","meta":{"_monsterinsights_skip_tracking":false,"_monsterinsights_sitenote_active":false,"_monsterinsights_sitenote_note":"","_monsterinsights_sitenote_category":0,"footnotes":""},"categories":[2],"tags":[],"class_list":["post-20112","post","type-post","status-publish","format-standard","has-post-thumbnail","hentry","category-qro","entry"],"aioseo_notices":[],"_links":{"self":[{"href":"https:\/\/a3noticias.com.mx\/sandbox\/wp-json\/wp\/v2\/posts\/20112","targetHints":{"allow":["GET"]}}],"collection":[{"href":"https:\/\/a3noticias.com.mx\/sandbox\/wp-json\/wp\/v2\/posts"}],"about":[{"href":"https:\/\/a3noticias.com.mx\/sandbox\/wp-json\/wp\/v2\/types\/post"}],"author":[{"embeddable":true,"href":"https:\/\/a3noticias.com.mx\/sandbox\/wp-json\/wp\/v2\/users\/2"}],"replies":[{"embeddable":true,"href":"https:\/\/a3noticias.com.mx\/sandbox\/wp-json\/wp\/v2\/comments?post=20112"}],"version-history":[{"count":1,"href":"https:\/\/a3noticias.com.mx\/sandbox\/wp-json\/wp\/v2\/posts\/20112\/revisions"}],"predecessor-version":[{"id":20114,"href":"https:\/\/a3noticias.com.mx\/sandbox\/wp-json\/wp\/v2\/posts\/20112\/revisions\/20114"}],"wp:featuredmedia":[{"embeddable":true,"href":"https:\/\/a3noticias.com.mx\/sandbox\/wp-json\/wp\/v2\/media\/20113"}],"wp:attachment":[{"href":"https:\/\/a3noticias.com.mx\/sandbox\/wp-json\/wp\/v2\/media?parent=20112"}],"wp:term":[{"taxonomy":"category","embeddable":true,"href":"https:\/\/a3noticias.com.mx\/sandbox\/wp-json\/wp\/v2\/categories?post=20112"},{"taxonomy":"post_tag","embeddable":true,"href":"https:\/\/a3noticias.com.mx\/sandbox\/wp-json\/wp\/v2\/tags?post=20112"}],"curies":[{"name":"wp","href":"https:\/\/api.w.org\/{rel}","templated":true}]}}