{"id":20119,"date":"2022-04-11T17:50:35","date_gmt":"2022-04-11T22:50:35","guid":{"rendered":"https:\/\/a3noticias.com.mx\/sandbox\/?p=20119"},"modified":"2022-04-11T17:50:47","modified_gmt":"2022-04-11T22:50:47","slug":"feministas-marchan-en-memoria-de-victoria-guadalupe","status":"publish","type":"post","link":"https:\/\/a3noticias.com.mx\/sandbox\/2022\/04\/11\/feministas-marchan-en-memoria-de-victoria-guadalupe\/","title":{"rendered":"Feministas marchan en memoria de Victoria Guadalupe"},"content":{"rendered":"\n<p>Esta tarde, colectivos feministas se reunieron en el Centro Hist\u00f3rico de la capital queretana para exigir justicia por la muerte de Victoria Guadalupe, la ni\u00f1a de seis a\u00f1os hallada muerta en el condominio donde habitaba con su familia, en el municipio del El Marqu\u00e9s.<\/p>\n\n\n\n<p>El objetivo principal de la marcha seg\u00fan lo expresaron las asistentes, es para pedir a las autoridades que se avale una Ley que permita la pena de muerte para asesinos, secuestradores y violadores, pues los feminicidios han tomado mucha fuerza en el pa\u00eds debido a que los castigos son \u201cd\u00e9biles\u201d y muchas veces quedan impunes.<\/p>\n\n\n\n<p>Magaly una de las asistentes a la marcha y quien es residente del municipio de El Marqu\u00e9s, indic\u00f3 que acudi\u00f3 para exigir justicia para Victoria Guadalupe, pero tambi\u00e9n porque es madre y quiere buscar un M\u00e9xico mejor y m\u00e1s seguro para sus hijos, por lo que se sum\u00f3 a la exigencia de las f\u00e9minas de solicitar a las autoridades la pena m\u00e1xima para los feminicidas.<\/p>\n\n\n\n<blockquote class=\"wp-block-quote is-layout-flow wp-block-quote-is-layout-flow\"><p>\u201cVimos la convocatoria por el caso de la ni\u00f1a Victoria y decidimos apoyar, vaya, creo que a todos nos estremeci\u00f3 la noticia, tenemos ni\u00f1as, tenemos ni\u00f1os, no solo ni\u00f1as, ni\u00f1os, el simple hecho de pensar que es un ni\u00f1o chiquito o ni\u00f1a chiquita que no se defiende, no es justo, no se concibe eso definitivamente (\u2026)\u00bfy sabes porqu\u00e9 creo que est\u00e1 pasando?, porque creo que las leyes no son duras, la pena de muerte deber\u00eda de estar aprobada porque es una burla lo que hacen violadores, asesinos, secuestradores, lo hacen con pleno juicio. Creo que hace falta pena de muerte tanto para violadores, los que asesinan, los que secuestran, yo creo que as\u00ed lo pensar\u00edan un poco m\u00e1s\u201d refiri\u00f3.<\/p><\/blockquote>\n\n\n\n<p>Por su parte, los padres de la peque\u00f1a fallecida, se hicieron presentes en la marcha y pidieron a las asistentes que el movimiento se llevara a cabo de manera pac\u00edfica y sin destrozos, pues a la menor Victoria Guadalupe le encantaba el lugar en donde viv\u00eda.<\/p>\n\n\n\n<blockquote class=\"wp-block-quote is-layout-flow wp-block-quote-is-layout-flow\"><p>\u201cNosotros como padres llevamos a nuestros hijos a los patrimonios que tenemos nosotros aqu\u00ed en el estado de Quer\u00e9taro y del cu\u00e1l tenemos muchos recuerdos y todos esos lugares donde fuimos con mi hija, entonces es muy importante para nosotros que se siga conservando igual\u201d detall\u00f3 el padre de Victoria.<\/p><\/blockquote>\n\n\n\n<p>La madre de la peque\u00f1a, se\u00f1al\u00f3 que acudi\u00f3 a la marcha porque es una manera de despedirla y se dijo tranquila de saber que se est\u00e1 haciendo justicia.<\/p>\n\n\n\n<blockquote class=\"wp-block-quote is-layout-flow wp-block-quote-is-layout-flow\"><p>\u201cA m\u00ed me dijeron sobre la marcha para despedir a mi hija Victoria nada m\u00e1s, no va a ser una marcha como las que han estado viendo anteriormente (con destrozos), s\u00ed se exige justicia, gracias a dios ya se est\u00e1 haciendo y nada m\u00e1s ser\u00eda para eso, para despedir a mi hija\u201d, finaliz\u00f3.<\/p><\/blockquote>\n\n\n\n<figure class=\"wp-block-video\"><video height=\"480\" style=\"aspect-ratio: 848 \/ 480;\" width=\"848\" controls src=\"https:\/\/a3noticias.com.mx\/sandbox\/wp-content\/uploads\/2022\/04\/WhatsApp-Video-2022-04-11-at-3.53.03-PM.mp4\"><\/video><\/figure>\n","protected":false},"excerpt":{"rendered":"<p>Esta tarde, colectivos feministas se reunieron en el Centro Hist\u00f3rico de la capital queretana para exigir justicia por la muerte de Victoria Guadalupe, la ni\u00f1a de seis a\u00f1os hallada muerta &hellip; <a href=\"https:\/\/a3noticias.com.mx\/sandbox\/2022\/04\/11\/feministas-marchan-en-memoria-de-victoria-guadalupe\/\" class=\"more-link\">Leer m\u00e1s<\/a><\/p>\n","protected":false},"author":4,"featured_media":20121,"comment_status":"open","ping_status":"open","sticky":false,"template":"","format":"standard","meta":{"_monsterinsights_skip_tracking":false,"_monsterinsights_sitenote_active":false,"_monsterinsights_sitenote_note":"","_monsterinsights_sitenote_category":0,"footnotes":""},"categories":[2],"tags":[],"class_list":["post-20119","post","type-post","status-publish","format-standard","has-post-thumbnail","hentry","category-qro","entry"],"aioseo_notices":[],"_links":{"self":[{"href":"https:\/\/a3noticias.com.mx\/sandbox\/wp-json\/wp\/v2\/posts\/20119","targetHints":{"allow":["GET"]}}],"collection":[{"href":"https:\/\/a3noticias.com.mx\/sandbox\/wp-json\/wp\/v2\/posts"}],"about":[{"href":"https:\/\/a3noticias.com.mx\/sandbox\/wp-json\/wp\/v2\/types\/post"}],"author":[{"embeddable":true,"href":"https:\/\/a3noticias.com.mx\/sandbox\/wp-json\/wp\/v2\/users\/4"}],"replies":[{"embeddable":true,"href":"https:\/\/a3noticias.com.mx\/sandbox\/wp-json\/wp\/v2\/comments?post=20119"}],"version-history":[{"count":2,"href":"https:\/\/a3noticias.com.mx\/sandbox\/wp-json\/wp\/v2\/posts\/20119\/revisions"}],"predecessor-version":[{"id":20124,"href":"https:\/\/a3noticias.com.mx\/sandbox\/wp-json\/wp\/v2\/posts\/20119\/revisions\/20124"}],"wp:featuredmedia":[{"embeddable":true,"href":"https:\/\/a3noticias.com.mx\/sandbox\/wp-json\/wp\/v2\/media\/20121"}],"wp:attachment":[{"href":"https:\/\/a3noticias.com.mx\/sandbox\/wp-json\/wp\/v2\/media?parent=20119"}],"wp:term":[{"taxonomy":"category","embeddable":true,"href":"https:\/\/a3noticias.com.mx\/sandbox\/wp-json\/wp\/v2\/categories?post=20119"},{"taxonomy":"post_tag","embeddable":true,"href":"https:\/\/a3noticias.com.mx\/sandbox\/wp-json\/wp\/v2\/tags?post=20119"}],"curies":[{"name":"wp","href":"https:\/\/api.w.org\/{rel}","templated":true}]}}