{"id":20137,"date":"2022-04-12T11:43:28","date_gmt":"2022-04-12T16:43:28","guid":{"rendered":"https:\/\/a3noticias.com.mx\/sandbox\/?p=20137"},"modified":"2022-04-12T11:43:29","modified_gmt":"2022-04-12T16:43:29","slug":"queretaro-recibira-60-mil-dosis-de-refuerzo-contra-covid-19","status":"publish","type":"post","link":"https:\/\/a3noticias.com.mx\/sandbox\/2022\/04\/12\/queretaro-recibira-60-mil-dosis-de-refuerzo-contra-covid-19\/","title":{"rendered":"Quer\u00e9taro recibir\u00e1 60 mil dosis de refuerzo contra Covid-19."},"content":{"rendered":"\n<p>De acuerdo con el gobernador del estado, Mauricio Kuri Gonz\u00e1lez, Quer\u00e9taro recibir\u00e1 60 mil dosis para echar a andar el plan exhaustivo de vacunaci\u00f3n.&nbsp; Esto luego de que particip\u00f3 en una reuni\u00f3n con el presidente de M\u00e9xico, Andr\u00e9s Manuel L\u00f3pez Obrador y otros 27 mandatarios estatales, en la presentaci\u00f3n del plan de salud que llevar\u00e1 a cabo el jefe del Ejecutivo federal.&nbsp;<\/p>\n\n\n\n<blockquote class=\"wp-block-quote is-layout-flow wp-block-quote-is-layout-flow\"><p>\u201cFue una pl\u00e1tica muy extensa con el se\u00f1or presidente, sobre todo el tema de salud, nos piden ayuda para que tengamos m\u00e1s vacunas en los estados y francamente de eso ped\u00edamos nuestra limosna para poder vacunar, para tener m\u00e1s vacunas para los queretanos. A nosotros nos pusieron 60 mil (vacunas), para el Estado de M\u00e9xico son 500 mil, para la Ciudad de M\u00e9xico son 350 mil y as\u00ed dependiendo del estado\u201d.<\/p><\/blockquote>\n\n\n\n<p>Se\u00f1al\u00f3 que Quer\u00e9taro es de las entidades con el mayor porcentaje de cobertura del pa\u00eds, y los refuerzos ser\u00e1n para garantizar las segundas, terceras y hasta cuartas dosis. La meta es aplicar una vacuna adicional a quienes tengan al menos cuatro meses de haber recibido la \u00faltima inyecci\u00f3n.<\/p>\n\n\n\n<blockquote class=\"wp-block-quote is-layout-flow wp-block-quote-is-layout-flow\"><p>\u201cNos piden que no nos confiemos, que puede venir un brote fuerte y que es necesario tener la tercer vacuna\u201d.<\/p><\/blockquote>\n\n\n\n<p>Lo anterior porque apunt\u00f3 que el mandatario federal les advirti\u00f3 sobre otra posible ola de Covid-19, por lo que es necesario mantener las medidas preventivas<\/p>\n\n\n\n<p>En el caso de la vacuna para los menores de 14 a\u00f1os, Kuri Gonz\u00e1les dijo que ya se solicit\u00f3, sin embargo, tambi\u00e9n se les explic\u00f3 que se requiere un biol\u00f3gico diferente a los que est\u00e1n disponibles en M\u00e9xico y que el gobierno federal asegur\u00f3 que ya se hizo la solicitud a los laboratorios para poder llevar la vacuna los menores de edad.<\/p>\n","protected":false},"excerpt":{"rendered":"<p>De acuerdo con el gobernador del estado, Mauricio Kuri Gonz\u00e1lez, Quer\u00e9taro recibir\u00e1 60 mil dosis para echar a andar el plan exhaustivo de vacunaci\u00f3n.&nbsp; Esto luego de que particip\u00f3 en &hellip; <a href=\"https:\/\/a3noticias.com.mx\/sandbox\/2022\/04\/12\/queretaro-recibira-60-mil-dosis-de-refuerzo-contra-covid-19\/\" class=\"more-link\">Leer m\u00e1s<\/a><\/p>\n","protected":false},"author":2,"featured_media":20138,"comment_status":"open","ping_status":"open","sticky":false,"template":"","format":"standard","meta":{"_monsterinsights_skip_tracking":false,"_monsterinsights_sitenote_active":false,"_monsterinsights_sitenote_note":"","_monsterinsights_sitenote_category":0,"footnotes":""},"categories":[2],"tags":[],"class_list":["post-20137","post","type-post","status-publish","format-standard","has-post-thumbnail","hentry","category-qro","entry"],"aioseo_notices":[],"_links":{"self":[{"href":"https:\/\/a3noticias.com.mx\/sandbox\/wp-json\/wp\/v2\/posts\/20137","targetHints":{"allow":["GET"]}}],"collection":[{"href":"https:\/\/a3noticias.com.mx\/sandbox\/wp-json\/wp\/v2\/posts"}],"about":[{"href":"https:\/\/a3noticias.com.mx\/sandbox\/wp-json\/wp\/v2\/types\/post"}],"author":[{"embeddable":true,"href":"https:\/\/a3noticias.com.mx\/sandbox\/wp-json\/wp\/v2\/users\/2"}],"replies":[{"embeddable":true,"href":"https:\/\/a3noticias.com.mx\/sandbox\/wp-json\/wp\/v2\/comments?post=20137"}],"version-history":[{"count":1,"href":"https:\/\/a3noticias.com.mx\/sandbox\/wp-json\/wp\/v2\/posts\/20137\/revisions"}],"predecessor-version":[{"id":20139,"href":"https:\/\/a3noticias.com.mx\/sandbox\/wp-json\/wp\/v2\/posts\/20137\/revisions\/20139"}],"wp:featuredmedia":[{"embeddable":true,"href":"https:\/\/a3noticias.com.mx\/sandbox\/wp-json\/wp\/v2\/media\/20138"}],"wp:attachment":[{"href":"https:\/\/a3noticias.com.mx\/sandbox\/wp-json\/wp\/v2\/media?parent=20137"}],"wp:term":[{"taxonomy":"category","embeddable":true,"href":"https:\/\/a3noticias.com.mx\/sandbox\/wp-json\/wp\/v2\/categories?post=20137"},{"taxonomy":"post_tag","embeddable":true,"href":"https:\/\/a3noticias.com.mx\/sandbox\/wp-json\/wp\/v2\/tags?post=20137"}],"curies":[{"name":"wp","href":"https:\/\/api.w.org\/{rel}","templated":true}]}}