{"id":20140,"date":"2022-04-12T12:38:50","date_gmt":"2022-04-12T17:38:50","guid":{"rendered":"https:\/\/a3noticias.com.mx\/sandbox\/?p=20140"},"modified":"2022-04-12T12:38:50","modified_gmt":"2022-04-12T17:38:50","slug":"consejo-de-conared-urge-pasar-de-la-planeacion-a-la-accion","status":"publish","type":"post","link":"https:\/\/a3noticias.com.mx\/sandbox\/2022\/04\/12\/consejo-de-conared-urge-pasar-de-la-planeacion-a-la-accion\/","title":{"rendered":"Consejo de CONARED urge pasar de la planeaci\u00f3n a la acci\u00f3n."},"content":{"rendered":"\n<p>Con la finalidad de avanzar tanto urbana como territorialmente, las Comisiones del Consejo Nacional Asesor de la Red de Secretarios de Desarrollo Urbano de M\u00e9xico \u201cCONARED\u201d presentan su plan de trabajo y propuestas para 2022-2023, para as\u00ed construir una nueva cultura del desarrollo urbano y social en M\u00e9xico.<\/p>\n\n\n\n<p>Durante la sesi\u00f3n intermedia, los integrantes del consejo compartieron sus iniciativas y proyectos para el territorio nacional, sobre situaciones como el cambio clim\u00e1tico, la segregaci\u00f3n social y territorial, la saturaci\u00f3n vehicular y tr\u00e1nsito excesivo, as\u00ed como la carencia de espacios p\u00fablicos seguros e inclusivos, que no solamente incrementan el estr\u00e9s cotidiano de la ciudadan\u00eda, sino que abren cada vez m\u00e1s la brecha hacia la fotograf\u00eda del mundo que deseamos para nuestros hijos y futuras generaciones.<\/p>\n\n\n\n<p>La presidenta de la CONARED, Romy Rojas Garrido, afirm\u00f3 que es imperante que el Desarrollo Urbano de M\u00e9xico se posicione como una de las principales potencias de nuestro pa\u00eds, coincidiendo con todos los miembros del Consejo en que la v\u00eda para lograrlo es a trav\u00e9s de la uni\u00f3n intergremial, con propuestas que sean aut\u00e9nticos \u201ctiros de precisi\u00f3n\u201d, siendo esta plataforma, en conjunto con la REDSEDUM, el espacio m\u00e1s importante en M\u00e9xico para avanzar en la transformaci\u00f3n de las ciudades.<\/p>\n\n\n\n<p>El Consejo urgi\u00f3 a pasar de la planeaci\u00f3n a la acci\u00f3n y trabajar activamente, con una visi\u00f3n profesional interdisciplinaria, en los puntos m\u00e1s \u00e1lgidos y a la vez estrat\u00e9gicos que puedan aportar a nuestro pa\u00eds con un replanteamiento que le permita avanzar hacia una madurez urbana y territorial.&nbsp;<\/p>\n\n\n\n<p>Y para lograr lo anterior deber\u00e1n trabajar coordinadamente cuatro comisiones: Planeaci\u00f3n urbana y ordenamiento territorial, Participaci\u00f3n social y gobernanza, Vivienda, Movilidad y transporte, las cuales el d\u00eda de hoy, han puesto sobre la mesa su plan de trabajo resaltando las siguientes propuestas:<\/p>\n\n\n\n<ul class=\"wp-block-list\"><li>&#8211; Proponer un esquema para racionalizar el sistema de planeaci\u00f3n territorial en el pa\u00eds, as\u00ed como promover la actualizaci\u00f3n del marco jur\u00eddico nacional.<\/li><li>&#8211; Promover la capacitaci\u00f3n y certificaci\u00f3n a funcionarios de desarrollo urbano con un sistema de evaluaci\u00f3n contin\u00faa de buenas pr\u00e1cticas.<\/li><li>&#8211; Crear proyectos piloto transformadores y transversales con nuevos esquemas de participaci\u00f3n social y gobernanza en municipios.<\/li><li>&#8211; Propiciar la obligatoriedad de adquisici\u00f3n de reservas territoriales en zonas privilegiadas por su ubicaci\u00f3n para la construcci\u00f3n de vivienda social.<\/li><li>&#8211; Creaci\u00f3n de incentivos fiscales para la construcci\u00f3n de vivienda social en zonas con equipamiento completo manteniendo un costo asequible para el ciudadano.<\/li><li>&#8211; Nueva conciencia de movilidad basada en el \u201cCrono-urbanismo\u201d como base en los nuevos proyectos de planeaci\u00f3n en zonas metropolitanas, fomentando el desarrollo de micro distritos dentro de las ciudades, que le otorguen la autosuficiencia para que en un cuarto de hora de proximidad se albergue la movilidad social y urbana.<\/li><li>&#8211; Creaci\u00f3n de manual de apoyo de transporte p\u00fablico para los gobiernos estatales y municipales, para una \u00e1gil implementaci\u00f3n de nuevos sistemas de transporte p\u00fablicos metropolitanos, capitalizando la experiencia de otros casos, reduciendo su curva de aprendizaje.<\/li><li>&#8211; Nueva legislaci\u00f3n y metodolog\u00eda para la liberaci\u00f3n del transporte pesado en vialidades metropolitanas.<\/li><li>&#8211; Creaci\u00f3n de Manual de pol\u00edticas p\u00fablicas urbanas para hacer factible el incremento de movilidad regional mediante \u201ctrenes\u201d en nuestro pa\u00eds.<\/li><li>&#8211; Elaboraci\u00f3n Manual metodol\u00f3gico del proceso de participaci\u00f3n social y gobernanza para la legitimizaci\u00f3n de la ciudadanizaci\u00f3n de los proyectos estrat\u00e9gicos locales, estatales y nacionales.<\/li><\/ul>\n\n\n\n<p><\/p>\n","protected":false},"excerpt":{"rendered":"<p>Con la finalidad de avanzar tanto urbana como territorialmente, las Comisiones del Consejo Nacional Asesor de la Red de Secretarios de Desarrollo Urbano de M\u00e9xico \u201cCONARED\u201d presentan su plan de &hellip; <a href=\"https:\/\/a3noticias.com.mx\/sandbox\/2022\/04\/12\/consejo-de-conared-urge-pasar-de-la-planeacion-a-la-accion\/\" class=\"more-link\">Leer m\u00e1s<\/a><\/p>\n","protected":false},"author":2,"featured_media":20141,"comment_status":"open","ping_status":"open","sticky":false,"template":"","format":"standard","meta":{"_monsterinsights_skip_tracking":false,"_monsterinsights_sitenote_active":false,"_monsterinsights_sitenote_note":"","_monsterinsights_sitenote_category":0,"footnotes":""},"categories":[3],"tags":[],"class_list":["post-20140","post","type-post","status-publish","format-standard","has-post-thumbnail","hentry","category-nal","entry"],"aioseo_notices":[],"_links":{"self":[{"href":"https:\/\/a3noticias.com.mx\/sandbox\/wp-json\/wp\/v2\/posts\/20140","targetHints":{"allow":["GET"]}}],"collection":[{"href":"https:\/\/a3noticias.com.mx\/sandbox\/wp-json\/wp\/v2\/posts"}],"about":[{"href":"https:\/\/a3noticias.com.mx\/sandbox\/wp-json\/wp\/v2\/types\/post"}],"author":[{"embeddable":true,"href":"https:\/\/a3noticias.com.mx\/sandbox\/wp-json\/wp\/v2\/users\/2"}],"replies":[{"embeddable":true,"href":"https:\/\/a3noticias.com.mx\/sandbox\/wp-json\/wp\/v2\/comments?post=20140"}],"version-history":[{"count":1,"href":"https:\/\/a3noticias.com.mx\/sandbox\/wp-json\/wp\/v2\/posts\/20140\/revisions"}],"predecessor-version":[{"id":20142,"href":"https:\/\/a3noticias.com.mx\/sandbox\/wp-json\/wp\/v2\/posts\/20140\/revisions\/20142"}],"wp:featuredmedia":[{"embeddable":true,"href":"https:\/\/a3noticias.com.mx\/sandbox\/wp-json\/wp\/v2\/media\/20141"}],"wp:attachment":[{"href":"https:\/\/a3noticias.com.mx\/sandbox\/wp-json\/wp\/v2\/media?parent=20140"}],"wp:term":[{"taxonomy":"category","embeddable":true,"href":"https:\/\/a3noticias.com.mx\/sandbox\/wp-json\/wp\/v2\/categories?post=20140"},{"taxonomy":"post_tag","embeddable":true,"href":"https:\/\/a3noticias.com.mx\/sandbox\/wp-json\/wp\/v2\/tags?post=20140"}],"curies":[{"name":"wp","href":"https:\/\/api.w.org\/{rel}","templated":true}]}}