{"id":20154,"date":"2022-04-12T16:34:55","date_gmt":"2022-04-12T21:34:55","guid":{"rendered":"https:\/\/a3noticias.com.mx\/sandbox\/?p=20154"},"modified":"2022-04-12T16:34:56","modified_gmt":"2022-04-12T21:34:56","slug":"tradicional-feria-de-las-carnitas-santa-rosa-jauregui-2022-se-llevara-a-cabo-el-30-de-abril-y-1-de-mayo","status":"publish","type":"post","link":"https:\/\/a3noticias.com.mx\/sandbox\/2022\/04\/12\/tradicional-feria-de-las-carnitas-santa-rosa-jauregui-2022-se-llevara-a-cabo-el-30-de-abril-y-1-de-mayo\/","title":{"rendered":"Tradicional Feria de las carnitas Santa Rosa J\u00e1uregui 2022 se llevar\u00e1 a cabo el 30 de abril y 1 de mayo."},"content":{"rendered":"\n<p>En el marco del 269 Aniversario de la Fundaci\u00f3n de la Delegaci\u00f3n de Santa Rosa J\u00e1uregui, se llevar\u00e1 a cabo la tradicional Feria de las Carnitas edici\u00f3n 2022 en donde m\u00e1s de 10 expositores de \u201cla capital mundial de las carnitas\u201d ofrecer\u00e1n a los visitantes lo mejor de su gastronom\u00eda.<\/p>\n\n\n\n<p>Alejandro Rodr\u00edguez Lugo, Delegado de Santa Rosa J\u00e1uregui, se\u00f1al\u00f3 que el objetivo de esta feria es impulsar la econom\u00eda y el comercio local, la atracci\u00f3n de turismo, la conservaci\u00f3n de las tradiciones, as\u00ed como catapultar a la Delegaci\u00f3n como una potencia gastron\u00f3mica.<\/p>\n\n\n\n<p>\u00abComo lo ha reiterado nuestro Presidente Municipal, Luis Nava, Quer\u00e9taro es una tierra noble, de gente buena, trabajadora amable y hospitalaria, es por eso que Santa Rosa J\u00e1uregui estar\u00e1 listo para recibir a las familias y puedan disfrutar de una feria llena de m\u00fasica, en un ambiente tradicional y armon\u00eda\u00bb<\/p>\n\n\n\n<p>Rodr\u00edguez detall\u00f3 que el evento dar\u00e1 inicio el 30 de abril, donde tambi\u00e9n se llevar\u00e1n a cabo eventos culturales en los que participar\u00e1n diversas agrupaciones de la Delegaci\u00f3n, adem\u00e1s de rendir un homenaje especial a don Margarito Estrada, compositor originario de Santa Rosa quien lamentablemente falleci\u00f3 hace unos d\u00edas.<\/p>\n\n\n\n<p>Mientras que para el 1 de mayo se realizar\u00e1 un recorrido por los negocios con invitados especiales, disfrutando de la m\u00fasica, cultura y arte, ya que durante todo el d\u00eda se desarrollaran diferentes presentaciones en dos escenarios, concluyendo por la noche con un evento musical a cargo de la banda Supremac\u00eda.<\/p>\n\n\n\n<p>Para finalizar, la Secretaria de Desarrollo Sostenible, Tania Palacios Kuri, coment\u00f3 que para el Municipio de Quer\u00e9taro es muy importante reactivar este tipo de tradiciones despu\u00e9s de las afectaciones provocadas por la pandemia, que hizo que esta feria se suspendiera dos a\u00f1os.<\/p>\n","protected":false},"excerpt":{"rendered":"<p>En el marco del 269 Aniversario de la Fundaci\u00f3n de la Delegaci\u00f3n de Santa Rosa J\u00e1uregui, se llevar\u00e1 a cabo la tradicional Feria de las Carnitas edici\u00f3n 2022 en donde &hellip; <a href=\"https:\/\/a3noticias.com.mx\/sandbox\/2022\/04\/12\/tradicional-feria-de-las-carnitas-santa-rosa-jauregui-2022-se-llevara-a-cabo-el-30-de-abril-y-1-de-mayo\/\" class=\"more-link\">Leer m\u00e1s<\/a><\/p>\n","protected":false},"author":2,"featured_media":20155,"comment_status":"open","ping_status":"open","sticky":false,"template":"","format":"standard","meta":{"_monsterinsights_skip_tracking":false,"_monsterinsights_sitenote_active":false,"_monsterinsights_sitenote_note":"","_monsterinsights_sitenote_category":0,"footnotes":""},"categories":[2],"tags":[],"class_list":["post-20154","post","type-post","status-publish","format-standard","has-post-thumbnail","hentry","category-qro","entry"],"aioseo_notices":[],"_links":{"self":[{"href":"https:\/\/a3noticias.com.mx\/sandbox\/wp-json\/wp\/v2\/posts\/20154","targetHints":{"allow":["GET"]}}],"collection":[{"href":"https:\/\/a3noticias.com.mx\/sandbox\/wp-json\/wp\/v2\/posts"}],"about":[{"href":"https:\/\/a3noticias.com.mx\/sandbox\/wp-json\/wp\/v2\/types\/post"}],"author":[{"embeddable":true,"href":"https:\/\/a3noticias.com.mx\/sandbox\/wp-json\/wp\/v2\/users\/2"}],"replies":[{"embeddable":true,"href":"https:\/\/a3noticias.com.mx\/sandbox\/wp-json\/wp\/v2\/comments?post=20154"}],"version-history":[{"count":1,"href":"https:\/\/a3noticias.com.mx\/sandbox\/wp-json\/wp\/v2\/posts\/20154\/revisions"}],"predecessor-version":[{"id":20156,"href":"https:\/\/a3noticias.com.mx\/sandbox\/wp-json\/wp\/v2\/posts\/20154\/revisions\/20156"}],"wp:featuredmedia":[{"embeddable":true,"href":"https:\/\/a3noticias.com.mx\/sandbox\/wp-json\/wp\/v2\/media\/20155"}],"wp:attachment":[{"href":"https:\/\/a3noticias.com.mx\/sandbox\/wp-json\/wp\/v2\/media?parent=20154"}],"wp:term":[{"taxonomy":"category","embeddable":true,"href":"https:\/\/a3noticias.com.mx\/sandbox\/wp-json\/wp\/v2\/categories?post=20154"},{"taxonomy":"post_tag","embeddable":true,"href":"https:\/\/a3noticias.com.mx\/sandbox\/wp-json\/wp\/v2\/tags?post=20154"}],"curies":[{"name":"wp","href":"https:\/\/api.w.org\/{rel}","templated":true}]}}