{"id":20158,"date":"2022-04-13T09:21:35","date_gmt":"2022-04-13T14:21:35","guid":{"rendered":"https:\/\/a3noticias.com.mx\/sandbox\/?p=20158"},"modified":"2022-04-13T09:21:37","modified_gmt":"2022-04-13T14:21:37","slug":"en-queretaro-bajan-casos-por-covid-19-10-contagios-y-cero-muertes","status":"publish","type":"post","link":"https:\/\/a3noticias.com.mx\/sandbox\/2022\/04\/13\/en-queretaro-bajan-casos-por-covid-19-10-contagios-y-cero-muertes\/","title":{"rendered":"En Quer\u00e9taro bajan casos por COVID-19: 10 contagios y cero muertes."},"content":{"rendered":"\n<p>La Secretar\u00eda de Salud de Quer\u00e9taro report\u00f3 este martes cero defunciones por COVID-19, aunque se sumaron diez casos de la enfermedad; se trata de cuatro mujeres y seis hombres. El registro acumulado es de 138 mil 14 casos; 52% son mujeres y 48% son hombres.<\/p>\n\n\n\n<p>Se dio de alta sanitaria a 16 pacientes, con lo que se tiene un registro de 131 mil 365 altas (95.18%).<\/p>\n\n\n\n<p>Con sintomatolog\u00eda leve, aislamiento y manejo en su domicilio hay cuatro pacientes y tres hospitalizados. Se han registrado seis mil 642 defunciones.<\/p>\n\n\n\n<p>Con relaci\u00f3n a la disponibilidad de camas de hospitalizaci\u00f3n general y con ventilador, con informaci\u00f3n del 11 de abril, se tiene una ocupaci\u00f3n de tres por ciento, con base en la Red Negativa de Infecciones Respiratorias Agudas (IRAG).<\/p>\n\n\n\n<p>En Quer\u00e9taro se registra dos por ciento de ocupaci\u00f3n de camas con ventilador y tres por ciento en camas sin ventilador.<\/p>\n\n\n\n<p>Se exhorta a la poblaci\u00f3n a no automedicarse y, para prevenir la transmisi\u00f3n, mantener sana distancia entre personas (al menos un metro), lavarse las manos de manera frecuente con agua y jab\u00f3n o utilizar soluciones alcoholadas a 70%, usar cubreboca cuando se asista a reuniones o eventos en sitios p\u00fablicos o privados, sean lugares cerrados o al aire libre y en donde no se pueda mantener la distancia entre personas, as\u00ed como en el transporte p\u00fablico y al interior de las instituciones educativas.<\/p>\n\n\n\n<p>Asimismo, a quedarse en casa cuando se tienen enfermedades respiratorias y comunicarse al <em>call center<\/em> estatal 4421015205, para recibir orientaci\u00f3n m\u00e9dica si se presenta alguno de los s\u00edntomas o signos como: dificultad para respirar (dato de gravedad), fiebre (mayor a 38 grados), dolor de cabeza, tos, dolor de garganta, escurrimiento nasal, dolor de pecho, alteraci\u00f3n del olfato o del sentido del gusto.<\/p>\n\n\n\n<p>Para m\u00e1s informaci\u00f3n sobre COVID-19 consulta los micrositios: <a href=\"http:\/\/www.coronavirus.gob.mx\/\">coronavirus.gob.mx<\/a>&nbsp; y <a href=\"http:\/\/www.covid19.queretaro.gob.mx\/\">covid19.queretaro.gob.mx<\/a>&nbsp;&nbsp;&nbsp;&nbsp;&nbsp;<\/p>\n","protected":false},"excerpt":{"rendered":"<p>La Secretar\u00eda de Salud de Quer\u00e9taro report\u00f3 este martes cero defunciones por COVID-19, aunque se sumaron diez casos de la enfermedad; se trata de cuatro mujeres y seis hombres. El &hellip; <a href=\"https:\/\/a3noticias.com.mx\/sandbox\/2022\/04\/13\/en-queretaro-bajan-casos-por-covid-19-10-contagios-y-cero-muertes\/\" class=\"more-link\">Leer m\u00e1s<\/a><\/p>\n","protected":false},"author":2,"featured_media":16549,"comment_status":"open","ping_status":"open","sticky":false,"template":"","format":"standard","meta":{"_monsterinsights_skip_tracking":false,"_monsterinsights_sitenote_active":false,"_monsterinsights_sitenote_note":"","_monsterinsights_sitenote_category":0,"footnotes":""},"categories":[2],"tags":[],"class_list":["post-20158","post","type-post","status-publish","format-standard","has-post-thumbnail","hentry","category-qro","entry"],"aioseo_notices":[],"_links":{"self":[{"href":"https:\/\/a3noticias.com.mx\/sandbox\/wp-json\/wp\/v2\/posts\/20158","targetHints":{"allow":["GET"]}}],"collection":[{"href":"https:\/\/a3noticias.com.mx\/sandbox\/wp-json\/wp\/v2\/posts"}],"about":[{"href":"https:\/\/a3noticias.com.mx\/sandbox\/wp-json\/wp\/v2\/types\/post"}],"author":[{"embeddable":true,"href":"https:\/\/a3noticias.com.mx\/sandbox\/wp-json\/wp\/v2\/users\/2"}],"replies":[{"embeddable":true,"href":"https:\/\/a3noticias.com.mx\/sandbox\/wp-json\/wp\/v2\/comments?post=20158"}],"version-history":[{"count":1,"href":"https:\/\/a3noticias.com.mx\/sandbox\/wp-json\/wp\/v2\/posts\/20158\/revisions"}],"predecessor-version":[{"id":20159,"href":"https:\/\/a3noticias.com.mx\/sandbox\/wp-json\/wp\/v2\/posts\/20158\/revisions\/20159"}],"wp:featuredmedia":[{"embeddable":true,"href":"https:\/\/a3noticias.com.mx\/sandbox\/wp-json\/wp\/v2\/media\/16549"}],"wp:attachment":[{"href":"https:\/\/a3noticias.com.mx\/sandbox\/wp-json\/wp\/v2\/media?parent=20158"}],"wp:term":[{"taxonomy":"category","embeddable":true,"href":"https:\/\/a3noticias.com.mx\/sandbox\/wp-json\/wp\/v2\/categories?post=20158"},{"taxonomy":"post_tag","embeddable":true,"href":"https:\/\/a3noticias.com.mx\/sandbox\/wp-json\/wp\/v2\/tags?post=20158"}],"curies":[{"name":"wp","href":"https:\/\/api.w.org\/{rel}","templated":true}]}}