{"id":20160,"date":"2022-04-13T09:47:07","date_gmt":"2022-04-13T14:47:07","guid":{"rendered":"https:\/\/a3noticias.com.mx\/sandbox\/?p=20160"},"modified":"2022-04-13T09:47:08","modified_gmt":"2022-04-13T14:47:08","slug":"sectur-estima-derrama-economica-de-270-mdp-para-queretaro-en-semana-santa-y-pascua","status":"publish","type":"post","link":"https:\/\/a3noticias.com.mx\/sandbox\/2022\/04\/13\/sectur-estima-derrama-economica-de-270-mdp-para-queretaro-en-semana-santa-y-pascua\/","title":{"rendered":"SECTUR estima derrama econ\u00f3mica de 270 mdp para Quer\u00e9taro en Semana Santa y Pascua."},"content":{"rendered":"\n<p>Mariela Mor\u00e1n Ocampo, titular de la Secretar\u00eda de Turismo, se\u00f1al\u00f3 que se estima una derrama econ\u00f3mica de 270 millones de pesos durante Semana Santa y Pascua; Con ello se espera una ocupaci\u00f3n hotelera del 45 por ciento, sin embargo, los picos m\u00e1s altos ser\u00e1n del jueves santo al domingo.<\/p>\n\n\n\n<p>Lo anterior representar\u00eda un aproximado de 50 mil turistas hospedados en hoteles de todo el estado.<\/p>\n\n\n\n<blockquote class=\"wp-block-quote is-layout-flow wp-block-quote-is-layout-flow\"><p>\u201cContemplamos que pueda ser del 45 por ciento. Es dif\u00edcil tener una fecha exacta. Por poner un ejemplo, el d\u00eda s\u00e1bado que fue del puente pasado llegamos al 90 por ciento\u201d<\/p><\/blockquote>\n\n\n\n<p>En ese sentido, admiti\u00f3 que a\u00fan no se llega a los niveles previo a la pandemia, ya que todav\u00eda se encuentra por debajo del 20 por ciento de las cifras reportadas en este mismo periodo, pero del 2019.\u00a0<\/p>\n\n\n\n<p>La secretaria consider\u00f3 que las iniciativas econ\u00f3micas que ofrecen las empresas del ramo, como la del reembolso de las casetas que hacen los hoteleros, abonan a que los turistas decidan venir a Quer\u00e9taro, y por ende, ayudan a generar m\u00e1s turismo y derrama econ\u00f3mica en favor del estado<\/p>\n","protected":false},"excerpt":{"rendered":"<p>Mariela Mor\u00e1n Ocampo, titular de la Secretar\u00eda de Turismo, se\u00f1al\u00f3 que se estima una derrama econ\u00f3mica de 270 millones de pesos durante Semana Santa y Pascua; Con ello se espera &hellip; <a href=\"https:\/\/a3noticias.com.mx\/sandbox\/2022\/04\/13\/sectur-estima-derrama-economica-de-270-mdp-para-queretaro-en-semana-santa-y-pascua\/\" class=\"more-link\">Leer m\u00e1s<\/a><\/p>\n","protected":false},"author":2,"featured_media":20008,"comment_status":"open","ping_status":"open","sticky":false,"template":"","format":"standard","meta":{"_monsterinsights_skip_tracking":false,"_monsterinsights_sitenote_active":false,"_monsterinsights_sitenote_note":"","_monsterinsights_sitenote_category":0,"footnotes":""},"categories":[2],"tags":[],"class_list":["post-20160","post","type-post","status-publish","format-standard","has-post-thumbnail","hentry","category-qro","entry"],"aioseo_notices":[],"_links":{"self":[{"href":"https:\/\/a3noticias.com.mx\/sandbox\/wp-json\/wp\/v2\/posts\/20160","targetHints":{"allow":["GET"]}}],"collection":[{"href":"https:\/\/a3noticias.com.mx\/sandbox\/wp-json\/wp\/v2\/posts"}],"about":[{"href":"https:\/\/a3noticias.com.mx\/sandbox\/wp-json\/wp\/v2\/types\/post"}],"author":[{"embeddable":true,"href":"https:\/\/a3noticias.com.mx\/sandbox\/wp-json\/wp\/v2\/users\/2"}],"replies":[{"embeddable":true,"href":"https:\/\/a3noticias.com.mx\/sandbox\/wp-json\/wp\/v2\/comments?post=20160"}],"version-history":[{"count":1,"href":"https:\/\/a3noticias.com.mx\/sandbox\/wp-json\/wp\/v2\/posts\/20160\/revisions"}],"predecessor-version":[{"id":20161,"href":"https:\/\/a3noticias.com.mx\/sandbox\/wp-json\/wp\/v2\/posts\/20160\/revisions\/20161"}],"wp:featuredmedia":[{"embeddable":true,"href":"https:\/\/a3noticias.com.mx\/sandbox\/wp-json\/wp\/v2\/media\/20008"}],"wp:attachment":[{"href":"https:\/\/a3noticias.com.mx\/sandbox\/wp-json\/wp\/v2\/media?parent=20160"}],"wp:term":[{"taxonomy":"category","embeddable":true,"href":"https:\/\/a3noticias.com.mx\/sandbox\/wp-json\/wp\/v2\/categories?post=20160"},{"taxonomy":"post_tag","embeddable":true,"href":"https:\/\/a3noticias.com.mx\/sandbox\/wp-json\/wp\/v2\/tags?post=20160"}],"curies":[{"name":"wp","href":"https:\/\/api.w.org\/{rel}","templated":true}]}}