{"id":20162,"date":"2022-04-13T10:21:58","date_gmt":"2022-04-13T15:21:58","guid":{"rendered":"https:\/\/a3noticias.com.mx\/sandbox\/?p=20162"},"modified":"2022-04-13T10:21:59","modified_gmt":"2022-04-13T15:21:59","slug":"amlo-volvio-a-hablar-de-loret-y-campanas-de-desprestigio-en-vez-de-ahondar-en-desapariciones","status":"publish","type":"post","link":"https:\/\/a3noticias.com.mx\/sandbox\/2022\/04\/13\/amlo-volvio-a-hablar-de-loret-y-campanas-de-desprestigio-en-vez-de-ahondar-en-desapariciones\/","title":{"rendered":"AMLO volvi\u00f3 a hablar de Loret y campa\u00f1as de desprestigio en vez de ahondar en desapariciones."},"content":{"rendered":"\n<p>Ante el informe de la Organizaci\u00f3n de las Naciones Unidas, en donde se se\u00f1ala que el crimen organizado y la colusi\u00f3n o falta de actuar de los gobiernos ha aumentado las desapariciones forzadas, el presidente Andr\u00e9s Manuel L\u00f3pez Obrador asegur\u00f3, durante \u201cLa Ma\u00f1anera\u201d, que se trabaja todos los d\u00edas para garantizar la paz y la seguridad de los mexicanos.<\/p>\n\n\n\n<p>Sin embargo, no ahond\u00f3 mucho del tema y prefiri\u00f3 hablar sobre las \u201ccampa\u00f1as de desprestigio\u201d a su gobierno y nuevamente de las propiedades de Carlos Loret de Mola.<\/p>\n\n\n\n<blockquote class=\"wp-block-quote is-layout-flow wp-block-quote-is-layout-flow\"><p>\u201cEstamos trabajando todo el tiempo para garantizar la paz enfrentando a los intereses del antiguo r\u00e9gimen y campa\u00f1as de desprestigio\u201d<\/p><\/blockquote>\n\n\n\n<p>En ese sentido, el jefe del Ejecutivo federal acus\u00f3 que hay una campa\u00f1a de desprestigio a su gobierno como el programa que conduce Carmen Aristegui.<\/p>\n\n\n\n<blockquote class=\"wp-block-quote is-layout-flow wp-block-quote-is-layout-flow\"><p>\u201cLo digo porque mucha gente fue enga\u00f1ada pensando que se trata de un medio profesional, objetivo, independiente, pero no\u201d<\/p><\/blockquote>\n\n\n\n<p>En cuanto al periodista Loret de Mola, el mandatario federal se\u00f1al\u00f3 que sigue esperando que explique sobre sus bienes en M\u00e9xico, los cuales suman m\u00e1s de 200 millones de pesos, esto sin contar las que tiene en el extranjero a nombre de su esposa. Asegur\u00f3 que se deben dar a conocer las riquezas explicables e inexplicables que se dan de la noche a la ma\u00f1ana.<\/p>\n\n\n\n<blockquote class=\"wp-block-quote is-layout-flow wp-block-quote-is-layout-flow\"><p>\u201cEstamos esperando que Loret de Mola informe sobre el departamento en Estados Unidos, el de 24 millones de pesos aqu\u00ed en la CDMX y, sobre todo, del terreno y la mansi\u00f3n de Valle de Bravo de casi 4 hect\u00e1reas\u201d<\/p><\/blockquote>\n","protected":false},"excerpt":{"rendered":"<p>Ante el informe de la Organizaci\u00f3n de las Naciones Unidas, en donde se se\u00f1ala que el crimen organizado y la colusi\u00f3n o falta de actuar de los gobiernos ha aumentado &hellip; <a href=\"https:\/\/a3noticias.com.mx\/sandbox\/2022\/04\/13\/amlo-volvio-a-hablar-de-loret-y-campanas-de-desprestigio-en-vez-de-ahondar-en-desapariciones\/\" class=\"more-link\">Leer m\u00e1s<\/a><\/p>\n","protected":false},"author":2,"featured_media":20163,"comment_status":"open","ping_status":"open","sticky":false,"template":"","format":"standard","meta":{"_monsterinsights_skip_tracking":false,"_monsterinsights_sitenote_active":false,"_monsterinsights_sitenote_note":"","_monsterinsights_sitenote_category":0,"footnotes":""},"categories":[3],"tags":[],"class_list":["post-20162","post","type-post","status-publish","format-standard","has-post-thumbnail","hentry","category-nal","entry"],"aioseo_notices":[],"_links":{"self":[{"href":"https:\/\/a3noticias.com.mx\/sandbox\/wp-json\/wp\/v2\/posts\/20162","targetHints":{"allow":["GET"]}}],"collection":[{"href":"https:\/\/a3noticias.com.mx\/sandbox\/wp-json\/wp\/v2\/posts"}],"about":[{"href":"https:\/\/a3noticias.com.mx\/sandbox\/wp-json\/wp\/v2\/types\/post"}],"author":[{"embeddable":true,"href":"https:\/\/a3noticias.com.mx\/sandbox\/wp-json\/wp\/v2\/users\/2"}],"replies":[{"embeddable":true,"href":"https:\/\/a3noticias.com.mx\/sandbox\/wp-json\/wp\/v2\/comments?post=20162"}],"version-history":[{"count":1,"href":"https:\/\/a3noticias.com.mx\/sandbox\/wp-json\/wp\/v2\/posts\/20162\/revisions"}],"predecessor-version":[{"id":20164,"href":"https:\/\/a3noticias.com.mx\/sandbox\/wp-json\/wp\/v2\/posts\/20162\/revisions\/20164"}],"wp:featuredmedia":[{"embeddable":true,"href":"https:\/\/a3noticias.com.mx\/sandbox\/wp-json\/wp\/v2\/media\/20163"}],"wp:attachment":[{"href":"https:\/\/a3noticias.com.mx\/sandbox\/wp-json\/wp\/v2\/media?parent=20162"}],"wp:term":[{"taxonomy":"category","embeddable":true,"href":"https:\/\/a3noticias.com.mx\/sandbox\/wp-json\/wp\/v2\/categories?post=20162"},{"taxonomy":"post_tag","embeddable":true,"href":"https:\/\/a3noticias.com.mx\/sandbox\/wp-json\/wp\/v2\/tags?post=20162"}],"curies":[{"name":"wp","href":"https:\/\/api.w.org\/{rel}","templated":true}]}}