{"id":20165,"date":"2022-04-13T12:52:48","date_gmt":"2022-04-13T17:52:48","guid":{"rendered":"https:\/\/a3noticias.com.mx\/sandbox\/?p=20165"},"modified":"2022-04-13T12:54:50","modified_gmt":"2022-04-13T17:54:50","slug":"kuri-ratifica-eliminacion-de-ley-mordaza","status":"publish","type":"post","link":"https:\/\/a3noticias.com.mx\/sandbox\/2022\/04\/13\/kuri-ratifica-eliminacion-de-ley-mordaza\/","title":{"rendered":"Kuri garantiza libertad de expresi\u00f3n en Quer\u00e9taro, luego de eliminar \u201cLey Mordaza\u201d."},"content":{"rendered":"\n<p>Luego de que el gremio period\u00edstico mostr\u00f3 su inconformidad al gobernador del estado, Mauricio Kuri Gonz\u00e1lez, acerca de la reforma al Art\u00edculo 159, denominado como \u201cLey Mordaza\u201d, \u00e9ste se\u00f1al\u00f3 que ser\u00e1 eliminada.&nbsp;<\/p>\n\n\n\n<p>Dichas modificaciones al art\u00edculo 159 establec\u00edan que se impondr\u00edan de uno a cinco a\u00f1os de prisi\u00f3n, hasta&nbsp; 500 veces el valor diario de la UMA, por concepto de multa y trabajos en favor de la comunidad hasta por seis meses, \u201cal que sin consentimiento de quien tenga derecho a otorgarlo, utilice, revele, entregue o facilite el acceso a informaci\u00f3n, documentos o cualquier objeto que se le hubiese confiado sea p\u00fablico o privado\u201d.<\/p>\n\n\n\n<p>Ante la inconformidad del grupo de comunicadores, el mandatario estatal se\u00f1al\u00f3 que la intenci\u00f3n no era vulnerar al gremio period\u00edstico, sino acoplarlo a lo que sucede en la actualidad.<\/p>\n\n\n\n<blockquote class=\"wp-block-quote is-layout-flow wp-block-quote-is-layout-flow\"><p>\u201cNunca fue en ning\u00fan momento hacer lo que ustedes llamaron la ley mordaza. La idea fue acoplar lo que estaba pasando en la actualidad. Yo no quise por ning\u00fan motivo que se pusiera una mala interpretaci\u00f3n (&#8230;) es una ley que sali\u00f3 del ejecutivo y que supimos rectificar. Me puedo equivocar, pero nunca va a ser con una mala intenci\u00f3n. Lo importante es que ya qued\u00f3 eliminado. No va a quedar a mal interpretaciones. La libertad de expresi\u00f3n est\u00e1 garantizada en Quer\u00e9taro\u201d<\/p><\/blockquote>\n\n\n\n<p>Luego de una reuni\u00f3n la ma\u00f1ana de este mi\u00e9rcoles con comunicadores y el diputado Antonio Zapata, Kuri Gonz\u00e1lez precis\u00f3 que el art\u00edculo quedar\u00e1 eliminado en su totalidad. Por lo que ahora el&nbsp; congreso local deber\u00e1 discutir esta propuesta en la pr\u00f3xima sesi\u00f3n.&nbsp;<\/p>\n\n\n\n<p>Por su parte, la titular de la Secretar\u00eda de Gobierno, Guadalupe Murgu\u00eda, apunt\u00f3 que este art\u00edculo no se acopla a los tiempos actuales.&nbsp;<\/p>\n","protected":false},"excerpt":{"rendered":"<p>Luego de que el gremio period\u00edstico mostr\u00f3 su inconformidad al gobernador del estado, Mauricio Kuri Gonz\u00e1lez, acerca de la reforma al Art\u00edculo 159, denominado como \u201cLey Mordaza\u201d, \u00e9ste se\u00f1al\u00f3 que &hellip; <a href=\"https:\/\/a3noticias.com.mx\/sandbox\/2022\/04\/13\/kuri-ratifica-eliminacion-de-ley-mordaza\/\" class=\"more-link\">Leer m\u00e1s<\/a><\/p>\n","protected":false},"author":2,"featured_media":20167,"comment_status":"open","ping_status":"open","sticky":false,"template":"","format":"standard","meta":{"_monsterinsights_skip_tracking":false,"_monsterinsights_sitenote_active":false,"_monsterinsights_sitenote_note":"","_monsterinsights_sitenote_category":0,"footnotes":""},"categories":[2],"tags":[],"class_list":["post-20165","post","type-post","status-publish","format-standard","has-post-thumbnail","hentry","category-qro","entry"],"aioseo_notices":[],"_links":{"self":[{"href":"https:\/\/a3noticias.com.mx\/sandbox\/wp-json\/wp\/v2\/posts\/20165","targetHints":{"allow":["GET"]}}],"collection":[{"href":"https:\/\/a3noticias.com.mx\/sandbox\/wp-json\/wp\/v2\/posts"}],"about":[{"href":"https:\/\/a3noticias.com.mx\/sandbox\/wp-json\/wp\/v2\/types\/post"}],"author":[{"embeddable":true,"href":"https:\/\/a3noticias.com.mx\/sandbox\/wp-json\/wp\/v2\/users\/2"}],"replies":[{"embeddable":true,"href":"https:\/\/a3noticias.com.mx\/sandbox\/wp-json\/wp\/v2\/comments?post=20165"}],"version-history":[{"count":2,"href":"https:\/\/a3noticias.com.mx\/sandbox\/wp-json\/wp\/v2\/posts\/20165\/revisions"}],"predecessor-version":[{"id":20168,"href":"https:\/\/a3noticias.com.mx\/sandbox\/wp-json\/wp\/v2\/posts\/20165\/revisions\/20168"}],"wp:featuredmedia":[{"embeddable":true,"href":"https:\/\/a3noticias.com.mx\/sandbox\/wp-json\/wp\/v2\/media\/20167"}],"wp:attachment":[{"href":"https:\/\/a3noticias.com.mx\/sandbox\/wp-json\/wp\/v2\/media?parent=20165"}],"wp:term":[{"taxonomy":"category","embeddable":true,"href":"https:\/\/a3noticias.com.mx\/sandbox\/wp-json\/wp\/v2\/categories?post=20165"},{"taxonomy":"post_tag","embeddable":true,"href":"https:\/\/a3noticias.com.mx\/sandbox\/wp-json\/wp\/v2\/tags?post=20165"}],"curies":[{"name":"wp","href":"https:\/\/api.w.org\/{rel}","templated":true}]}}