{"id":20191,"date":"2022-04-15T09:00:00","date_gmt":"2022-04-15T14:00:00","guid":{"rendered":"https:\/\/a3noticias.com.mx\/sandbox\/?p=20191"},"modified":"2022-04-13T17:57:14","modified_gmt":"2022-04-13T22:57:14","slug":"no-te-quedes-sin-ir-al-viacrucis-de-la-canada","status":"publish","type":"post","link":"https:\/\/a3noticias.com.mx\/sandbox\/2022\/04\/15\/no-te-quedes-sin-ir-al-viacrucis-de-la-canada\/","title":{"rendered":"No te quedes sin ir al Viacrucis de La Ca\u00f1ada"},"content":{"rendered":"\n<p>Este viernes santo, en La Ca\u00f1ada, en el municipio de El Marqu\u00e9s, se llevar\u00e1 a cabo el tradicional viacrucis, una de las representaciones de la muerte de Jesucristo m\u00e1s visitadas de M\u00e9xico.<\/p>\n\n\n\n<p>El evento es gratuito y se llevar\u00e1 a cabo este viernes 15 de abril, comenzando a las 10 de ma\u00f1ana y finalizando a las 7 de la noche, en la Plaza de San Pedro, ubicada en la Ca\u00f1ada, en el municipio de El Marqu\u00e9s, Quer\u00e9taro.<\/p>\n\n\n\n<p>La representaci\u00f3n estar\u00e1 a cargo del grupo Tribunales de Jes\u00fas de Quer\u00e9taro y contar\u00e1 con m\u00e1s de 90 actores en escena que tan solo para el Viernes Santo, actuar\u00e1n durante 5 horas consecutivas.&nbsp;<\/p>\n\n\n\n<p>Para este evento se tiene prevista una afluencia de entre 5 mil&nbsp; y 10 mil personas, que representar\u00e1n un 40&nbsp;por ciento del hist\u00f3rico regular de asistentes en a\u00f1os previos a la pandemia de COVID-19, de acuerdo con lo informado por el coordinador de Protecci\u00f3n Civil del Municipio de El Marqu\u00e9s, Alejandro V\u00e1squez Mellado.<\/p>\n\n\n\n<p>Asimismo, la transimis\u00f3n podr\u00e1 seguirse a trav\u00e9s de las redes sociales del municipio y a los que deseen acudir de manera presencial, deber\u00e1n hacerlo con tiempo, ya que el aforo ser\u00e1 limitado.<\/p>\n\n\n\n<p>Cabe destacar que el viacrucis de la Ca\u00f1ada, lleva 55 a\u00f1os present\u00e1ndose de manera regular, salvo por los dos \u00faltimos a\u00f1os que la pandemia de Covid-19 lo impidi\u00f3.<\/p>\n","protected":false},"excerpt":{"rendered":"<p>Este viernes santo, en La Ca\u00f1ada, en el municipio de El Marqu\u00e9s, se llevar\u00e1 a cabo el tradicional viacrucis, una de las representaciones de la muerte de Jesucristo m\u00e1s visitadas &hellip; <a href=\"https:\/\/a3noticias.com.mx\/sandbox\/2022\/04\/15\/no-te-quedes-sin-ir-al-viacrucis-de-la-canada\/\" class=\"more-link\">Leer m\u00e1s<\/a><\/p>\n","protected":false},"author":4,"featured_media":20192,"comment_status":"open","ping_status":"open","sticky":false,"template":"","format":"standard","meta":{"_monsterinsights_skip_tracking":false,"_monsterinsights_sitenote_active":false,"_monsterinsights_sitenote_note":"","_monsterinsights_sitenote_category":0,"footnotes":""},"categories":[2],"tags":[],"class_list":["post-20191","post","type-post","status-publish","format-standard","has-post-thumbnail","hentry","category-qro","entry"],"aioseo_notices":[],"_links":{"self":[{"href":"https:\/\/a3noticias.com.mx\/sandbox\/wp-json\/wp\/v2\/posts\/20191","targetHints":{"allow":["GET"]}}],"collection":[{"href":"https:\/\/a3noticias.com.mx\/sandbox\/wp-json\/wp\/v2\/posts"}],"about":[{"href":"https:\/\/a3noticias.com.mx\/sandbox\/wp-json\/wp\/v2\/types\/post"}],"author":[{"embeddable":true,"href":"https:\/\/a3noticias.com.mx\/sandbox\/wp-json\/wp\/v2\/users\/4"}],"replies":[{"embeddable":true,"href":"https:\/\/a3noticias.com.mx\/sandbox\/wp-json\/wp\/v2\/comments?post=20191"}],"version-history":[{"count":1,"href":"https:\/\/a3noticias.com.mx\/sandbox\/wp-json\/wp\/v2\/posts\/20191\/revisions"}],"predecessor-version":[{"id":20193,"href":"https:\/\/a3noticias.com.mx\/sandbox\/wp-json\/wp\/v2\/posts\/20191\/revisions\/20193"}],"wp:featuredmedia":[{"embeddable":true,"href":"https:\/\/a3noticias.com.mx\/sandbox\/wp-json\/wp\/v2\/media\/20192"}],"wp:attachment":[{"href":"https:\/\/a3noticias.com.mx\/sandbox\/wp-json\/wp\/v2\/media?parent=20191"}],"wp:term":[{"taxonomy":"category","embeddable":true,"href":"https:\/\/a3noticias.com.mx\/sandbox\/wp-json\/wp\/v2\/categories?post=20191"},{"taxonomy":"post_tag","embeddable":true,"href":"https:\/\/a3noticias.com.mx\/sandbox\/wp-json\/wp\/v2\/tags?post=20191"}],"curies":[{"name":"wp","href":"https:\/\/api.w.org\/{rel}","templated":true}]}}