{"id":20201,"date":"2022-04-16T09:00:00","date_gmt":"2022-04-16T14:00:00","guid":{"rendered":"https:\/\/a3noticias.com.mx\/sandbox\/?p=20201"},"modified":"2022-04-13T18:50:35","modified_gmt":"2022-04-13T23:50:35","slug":"dia-mundial-de-la-voz","status":"publish","type":"post","link":"https:\/\/a3noticias.com.mx\/sandbox\/2022\/04\/16\/dia-mundial-de-la-voz\/","title":{"rendered":"D\u00eda Mundial de la Voz"},"content":{"rendered":"\n<p>La voz es de tanta importancia para el ser humano que es el medio principal por el cual nos comunicamos, por ello y con la finalidad de cuidar este importante instrumento, la&nbsp;<strong>Federaci\u00f3n de Sociedades de Otorrinolaringolog\u00eda<\/strong>&nbsp;decret\u00f3 el 16 de abril como el D\u00eda Mundial de la Voz para crear conciencia sobre su importancia, as\u00ed como los cuidados que se deben tener para evitar problemas relacionados con las cuerdas vocales.<\/p>\n\n\n\n<p>Hoy en d\u00eda es com\u00fan la p\u00e9rdida de la voz por diversos factores, entre ellos el cigarro, o actividades relacionadas con su uso prolongado como el canto o la oratoria. Por ello, es importante crear conciencia y cuidar este importante instrumento haciendo uso responsable de \u00e9l.<\/p>\n\n\n\n<p>Transtornos de la voz:<\/p>\n\n\n\n<p>Afon\u00eda:<\/p>\n\n\n\n<p><strong>La afon\u00eda es un trastorno que provoca la p\u00e9rdida de la voz<\/strong>, pues afecta de manera directa a las cuerdas vocales. Todos alguna vez en la vida hemos padecido de afon\u00eda, pues es com\u00fan que si nos enfermamos de la garganta o acudimos a un concierto donde gritamos de manera prolongada se presente, sin embargo, existen casos donde la afon\u00eda est\u00e1 vinculada a problemas o da\u00f1os en la zona de la laringe y que pueden ser el resultado de alguna enfermedad.<\/p>\n\n\n\n<p>Disfon\u00eda:<\/p>\n\n\n\n<p>La disfon\u00eda es un mal que aqueja sobre todo a los cantantes y personas que utilizan su voz como medio de trabajo, \u00e9sta <strong>causa inflamaci\u00f3n o irritaci\u00f3n de las cuerdas vocales<\/strong>,&nbsp;debido al mal empleo de la voz, causando da\u00f1os o lesiones que pueden llegar a convertirse en n\u00f3dulos o p\u00f3lipos.<\/p>\n\n\n\n<p>\u00bfC\u00f3mo evitar da\u00f1os a la voz?<\/p>\n\n\n\n<p>Es recomendable que se visite de manera preventiva a un otorrino peri\u00f3dicamente para evitar da\u00f1os futuros en las cuerdas vocales. De igual manera evitar el consumo de tabaco y no exponer de manera constante la voz a lugares con mucho ruido donde se deba subir demasiado el volumen al hablar.<\/p>\n\n\n\n<p>Tambi\u00e9n se debe evitar carraspear, pues \u00e9sta pr\u00e1ctica es perjudicial para las cuerdas vocales, adem\u00e1s de que se recomienda mantenerlas hidratadas ingiriendo abundantes l\u00edquidos durante el d\u00eda.<\/p>\n\n\n\n<p>A los profesionales de la voz, como cantantes, locutores y expositores, la Federaci\u00f3n de Sociedades de Otorrinolaringolog\u00eda les recomienda capacitarse para hacer uso correcto de su voz, a fin de evitar problemas futuros con ella.<\/p>\n","protected":false},"excerpt":{"rendered":"<p>La voz es de tanta importancia para el ser humano que es el medio principal por el cual nos comunicamos, por ello y con la finalidad de cuidar este importante &hellip; <a href=\"https:\/\/a3noticias.com.mx\/sandbox\/2022\/04\/16\/dia-mundial-de-la-voz\/\" class=\"more-link\">Leer m\u00e1s<\/a><\/p>\n","protected":false},"author":4,"featured_media":20202,"comment_status":"open","ping_status":"open","sticky":false,"template":"","format":"standard","meta":{"_monsterinsights_skip_tracking":false,"_monsterinsights_sitenote_active":false,"_monsterinsights_sitenote_note":"","_monsterinsights_sitenote_category":0,"footnotes":""},"categories":[9],"tags":[],"class_list":["post-20201","post","type-post","status-publish","format-standard","has-post-thumbnail","hentry","category-cultura","entry"],"aioseo_notices":[],"_links":{"self":[{"href":"https:\/\/a3noticias.com.mx\/sandbox\/wp-json\/wp\/v2\/posts\/20201","targetHints":{"allow":["GET"]}}],"collection":[{"href":"https:\/\/a3noticias.com.mx\/sandbox\/wp-json\/wp\/v2\/posts"}],"about":[{"href":"https:\/\/a3noticias.com.mx\/sandbox\/wp-json\/wp\/v2\/types\/post"}],"author":[{"embeddable":true,"href":"https:\/\/a3noticias.com.mx\/sandbox\/wp-json\/wp\/v2\/users\/4"}],"replies":[{"embeddable":true,"href":"https:\/\/a3noticias.com.mx\/sandbox\/wp-json\/wp\/v2\/comments?post=20201"}],"version-history":[{"count":1,"href":"https:\/\/a3noticias.com.mx\/sandbox\/wp-json\/wp\/v2\/posts\/20201\/revisions"}],"predecessor-version":[{"id":20203,"href":"https:\/\/a3noticias.com.mx\/sandbox\/wp-json\/wp\/v2\/posts\/20201\/revisions\/20203"}],"wp:featuredmedia":[{"embeddable":true,"href":"https:\/\/a3noticias.com.mx\/sandbox\/wp-json\/wp\/v2\/media\/20202"}],"wp:attachment":[{"href":"https:\/\/a3noticias.com.mx\/sandbox\/wp-json\/wp\/v2\/media?parent=20201"}],"wp:term":[{"taxonomy":"category","embeddable":true,"href":"https:\/\/a3noticias.com.mx\/sandbox\/wp-json\/wp\/v2\/categories?post=20201"},{"taxonomy":"post_tag","embeddable":true,"href":"https:\/\/a3noticias.com.mx\/sandbox\/wp-json\/wp\/v2\/tags?post=20201"}],"curies":[{"name":"wp","href":"https:\/\/api.w.org\/{rel}","templated":true}]}}