{"id":20204,"date":"2022-04-16T11:00:00","date_gmt":"2022-04-16T16:00:00","guid":{"rendered":"https:\/\/a3noticias.com.mx\/sandbox\/?p=20204"},"modified":"2022-04-13T19:00:14","modified_gmt":"2022-04-14T00:00:14","slug":"eres-emprendedor-felicitate-este-es-tu-dia","status":"publish","type":"post","link":"https:\/\/a3noticias.com.mx\/sandbox\/2022\/04\/16\/eres-emprendedor-felicitate-este-es-tu-dia\/","title":{"rendered":"\u00bfEres emprendedor? \u00a1Felic\u00edtate, \u00e9ste es tu d\u00eda!"},"content":{"rendered":"\n<p>Este 16 de abril se celebra el d\u00eda Mundial del emprendedor, esto con el fin de dar a conocer el impacto y la importancia del emprendimiento para la sociedad y la econom\u00eda mundial.<\/p>\n\n\n\n<p>\u00bfQu\u00e9 es un emprendedor?<\/p>\n\n\n\n<p>Es aquella persona que desarrolla una idea u oportunidad de negocio con el apoyo de recursos, asumiendo ciertos riesgos econ\u00f3micos y destacando cualidades tales como: liderazgo, comunicaci\u00f3n, autoconfianza, control emocional y transparencia.<\/p>\n\n\n\n<p>Hoy en d\u00eda, el emprendimiento se ha vuelto un tema cotidiano, pues los Milennials, quienes es sabido no van muy de acuerdo con las normas laborales establecidas, han optado por abrir negocios con el fin de ganar m\u00e1s y \u201cser sus propios jefes\u201d.<\/p>\n\n\n\n<p>Asimismo, con la aparici\u00f3n de las \u201cnenis\u201d quienes durante de la pandemia aparecieron bajo este t\u00e9rmino que hace referencia a mujeres emprendedoras o due\u00f1as de microemprendimientos que venden a trav\u00e9s de redes sociales o marketplaces y entregan sus productos en paradas de autobuses o puntos intermedios.<\/p>\n\n\n\n<p>De acuerdo con la Secretar\u00eda de Econom\u00eda, las micro, peque\u00f1as y medianas empresas representan el 99% de las empresas en&nbsp;<strong>M\u00e9xico<\/strong>, creando alrededor de 730,000 empleos al a\u00f1o de acuerdo con datos proporcionados por el INEGI.<\/p>\n\n\n\n<p>En M\u00e9xico este movimiento es liderado por el Instituto Nacional del Emprendedor (INADEM) bajo el lema #SoyEmprendedor.<\/p>\n","protected":false},"excerpt":{"rendered":"<p>Este 16 de abril se celebra el d\u00eda Mundial del emprendedor, esto con el fin de dar a conocer el impacto y la importancia del emprendimiento para la sociedad y &hellip; <a href=\"https:\/\/a3noticias.com.mx\/sandbox\/2022\/04\/16\/eres-emprendedor-felicitate-este-es-tu-dia\/\" class=\"more-link\">Leer m\u00e1s<\/a><\/p>\n","protected":false},"author":4,"featured_media":20205,"comment_status":"open","ping_status":"open","sticky":false,"template":"","format":"standard","meta":{"_monsterinsights_skip_tracking":false,"_monsterinsights_sitenote_active":false,"_monsterinsights_sitenote_note":"","_monsterinsights_sitenote_category":0,"footnotes":""},"categories":[1],"tags":[],"class_list":["post-20204","post","type-post","status-publish","format-standard","has-post-thumbnail","hentry","category-uncategorized","entry"],"aioseo_notices":[],"_links":{"self":[{"href":"https:\/\/a3noticias.com.mx\/sandbox\/wp-json\/wp\/v2\/posts\/20204","targetHints":{"allow":["GET"]}}],"collection":[{"href":"https:\/\/a3noticias.com.mx\/sandbox\/wp-json\/wp\/v2\/posts"}],"about":[{"href":"https:\/\/a3noticias.com.mx\/sandbox\/wp-json\/wp\/v2\/types\/post"}],"author":[{"embeddable":true,"href":"https:\/\/a3noticias.com.mx\/sandbox\/wp-json\/wp\/v2\/users\/4"}],"replies":[{"embeddable":true,"href":"https:\/\/a3noticias.com.mx\/sandbox\/wp-json\/wp\/v2\/comments?post=20204"}],"version-history":[{"count":1,"href":"https:\/\/a3noticias.com.mx\/sandbox\/wp-json\/wp\/v2\/posts\/20204\/revisions"}],"predecessor-version":[{"id":20206,"href":"https:\/\/a3noticias.com.mx\/sandbox\/wp-json\/wp\/v2\/posts\/20204\/revisions\/20206"}],"wp:featuredmedia":[{"embeddable":true,"href":"https:\/\/a3noticias.com.mx\/sandbox\/wp-json\/wp\/v2\/media\/20205"}],"wp:attachment":[{"href":"https:\/\/a3noticias.com.mx\/sandbox\/wp-json\/wp\/v2\/media?parent=20204"}],"wp:term":[{"taxonomy":"category","embeddable":true,"href":"https:\/\/a3noticias.com.mx\/sandbox\/wp-json\/wp\/v2\/categories?post=20204"},{"taxonomy":"post_tag","embeddable":true,"href":"https:\/\/a3noticias.com.mx\/sandbox\/wp-json\/wp\/v2\/tags?post=20204"}],"curies":[{"name":"wp","href":"https:\/\/api.w.org\/{rel}","templated":true}]}}