{"id":20213,"date":"2022-04-14T09:00:00","date_gmt":"2022-04-14T14:00:00","guid":{"rendered":"https:\/\/a3noticias.com.mx\/sandbox\/?p=20213"},"modified":"2022-04-13T19:45:34","modified_gmt":"2022-04-14T00:45:34","slug":"imss-en-queretaro-operara-con-normalidad-este-jueves-y-viernes-santo","status":"publish","type":"post","link":"https:\/\/a3noticias.com.mx\/sandbox\/2022\/04\/14\/imss-en-queretaro-operara-con-normalidad-este-jueves-y-viernes-santo\/","title":{"rendered":"IMSS en Quer\u00e9taro operar\u00e1 con normalidad este jueves y viernes santo"},"content":{"rendered":"\n<p>Este jueves y viernes santo operar\u00e1n con normalidad los servicios de urgencias y hospitalizaci\u00f3n, inform\u00f3 el Instituto Mexicano del Seguro Social (IMSS) en Quer\u00e9taro.<\/p>\n\n\n\n<p>El IMSS comunic\u00f3 que las Unidades de Medicina Familiar (UMF), No. 4, en Tequisquiapan, la No. 8, en El Marqu\u00e9s, la No. 9, en Felipe Carrillo Puerto, as\u00ed como la No. 15, ubicada en Desarrollo San Pablo, brindar\u00e1n servicio de Atenci\u00f3n M\u00e9dica Continua las 24 horas, este jueves 14 y viernes 15 de abril.<\/p>\n\n\n\n<p>De igual manera, el Hospital General Regional No. 1, ubicado en Av. Zaragoza, el Hospital General Regional No. 2, en El Marqu\u00e9s y el Hospital General de Zona No. 3, en San Juan del R\u00edo, tendr\u00e1n servicio las 24 horas.<\/p>\n\n\n\n<p>Asimismo hizo un llamado a la ciudadan\u00eda a que en estas vacaciones de Semana Santa mantengan la sana distancia, el uso de gel antibacterial, as\u00ed como uso adecuado de cubrebocas y el lavado frecuente de manos, a fin de evitar contagios de COVID-19..<\/p>\n\n\n\n<p>Finalmente, record\u00f3 a la poblaci\u00f3n que los casos que se atienden en el \u00e1rea de Urgencias se clasifican de acuerdo con su prioridad con la Clasificaci\u00f3n del Sistema Triage. Por ello, exhort\u00f3 a sus derechohabientes a identificar cu\u00e1ndo se trata de una urgencia m\u00e9dica real, que es cualquier condici\u00f3n que ponga en peligro la vida o alg\u00fan \u00f3rgano, y que requiere de su pronta atenci\u00f3n.<\/p>\n","protected":false},"excerpt":{"rendered":"<p>Este jueves y viernes santo operar\u00e1n con normalidad los servicios de urgencias y hospitalizaci\u00f3n, inform\u00f3 el Instituto Mexicano del Seguro Social (IMSS) en Quer\u00e9taro. El IMSS comunic\u00f3 que las Unidades &hellip; <a href=\"https:\/\/a3noticias.com.mx\/sandbox\/2022\/04\/14\/imss-en-queretaro-operara-con-normalidad-este-jueves-y-viernes-santo\/\" class=\"more-link\">Leer m\u00e1s<\/a><\/p>\n","protected":false},"author":4,"featured_media":20214,"comment_status":"open","ping_status":"open","sticky":false,"template":"","format":"standard","meta":{"_monsterinsights_skip_tracking":false,"_monsterinsights_sitenote_active":false,"_monsterinsights_sitenote_note":"","_monsterinsights_sitenote_category":0,"footnotes":""},"categories":[2],"tags":[],"class_list":["post-20213","post","type-post","status-publish","format-standard","has-post-thumbnail","hentry","category-qro","entry"],"aioseo_notices":[],"_links":{"self":[{"href":"https:\/\/a3noticias.com.mx\/sandbox\/wp-json\/wp\/v2\/posts\/20213","targetHints":{"allow":["GET"]}}],"collection":[{"href":"https:\/\/a3noticias.com.mx\/sandbox\/wp-json\/wp\/v2\/posts"}],"about":[{"href":"https:\/\/a3noticias.com.mx\/sandbox\/wp-json\/wp\/v2\/types\/post"}],"author":[{"embeddable":true,"href":"https:\/\/a3noticias.com.mx\/sandbox\/wp-json\/wp\/v2\/users\/4"}],"replies":[{"embeddable":true,"href":"https:\/\/a3noticias.com.mx\/sandbox\/wp-json\/wp\/v2\/comments?post=20213"}],"version-history":[{"count":1,"href":"https:\/\/a3noticias.com.mx\/sandbox\/wp-json\/wp\/v2\/posts\/20213\/revisions"}],"predecessor-version":[{"id":20215,"href":"https:\/\/a3noticias.com.mx\/sandbox\/wp-json\/wp\/v2\/posts\/20213\/revisions\/20215"}],"wp:featuredmedia":[{"embeddable":true,"href":"https:\/\/a3noticias.com.mx\/sandbox\/wp-json\/wp\/v2\/media\/20214"}],"wp:attachment":[{"href":"https:\/\/a3noticias.com.mx\/sandbox\/wp-json\/wp\/v2\/media?parent=20213"}],"wp:term":[{"taxonomy":"category","embeddable":true,"href":"https:\/\/a3noticias.com.mx\/sandbox\/wp-json\/wp\/v2\/categories?post=20213"},{"taxonomy":"post_tag","embeddable":true,"href":"https:\/\/a3noticias.com.mx\/sandbox\/wp-json\/wp\/v2\/tags?post=20213"}],"curies":[{"name":"wp","href":"https:\/\/api.w.org\/{rel}","templated":true}]}}