{"id":20216,"date":"2022-04-14T10:00:00","date_gmt":"2022-04-14T15:00:00","guid":{"rendered":"https:\/\/a3noticias.com.mx\/sandbox\/?p=20216"},"modified":"2022-04-13T20:03:04","modified_gmt":"2022-04-14T01:03:04","slug":"anuncian-primer-viacrucis-en-el-centro-historico-de-queretaro","status":"publish","type":"post","link":"https:\/\/a3noticias.com.mx\/sandbox\/2022\/04\/14\/anuncian-primer-viacrucis-en-el-centro-historico-de-queretaro\/","title":{"rendered":"Anuncian primer viacrucis en el Centro Hist\u00f3rico de Quer\u00e9taro"},"content":{"rendered":"\n<p>Por primera vez, en el Santuario de la Congregaci\u00f3n ubicado en el Centro Hist\u00f3rico de la Capital queretana, se llevar\u00e1 a cabo la representaci\u00f3n del Viacrucis que escenifica la Pasi\u00f3n de Cristo, con la participaci\u00f3n de 60 actores.<\/p>\n\n\n\n<p>Esta representaci\u00f3n de las tres ca\u00eddas es la \u00fanica que se realiza en el Centro Hist\u00f3rico de Quer\u00e9taro y comenzar\u00e1 a las 10 de la ma\u00f1ana del Viernes Santo, en el atrio del Santuario de la Congregaci\u00f3n, posteriormente recorrer\u00e1 las calles 16 de septiembre, Guillermo Prieto, 05 de mayo y Pasteur, para regresar nuevamente al&nbsp; Santuario.<\/p>\n\n\n\n<p>A la 1 de la tarde se llevar\u00e1 a cabo la Adoraci\u00f3n de la Santa Cruz dentro del Santuario y a las 6 de la tarde el p\u00e9same a la Sant\u00edsima Virgen de los Dolores.<\/p>\n\n\n\n<p>La representaci\u00f3n del Viacrucis tambi\u00e9n se transmitir\u00e1 a trav\u00e9s de la p\u00e1gina oficial de Facebook de la Congregaci\u00f3n, @LaCongregacionQro, para aquellos que no puedan asistir de manera presencial.<\/p>\n\n\n\n<p>El actor Mart\u00edn Anaya Serv\u00edn, ser\u00e1 quien escenifique a Jes\u00fas, pues lo ha representado desde hace 32 a\u00f1os en Sat\u00e9lite.<\/p>\n\n\n\n<blockquote class=\"wp-block-quote is-layout-flow wp-block-quote-is-layout-flow\"><p>\u201cRepresentar a Cristo es un compromiso con la sociedad y conmigo mismo, tratar de ser siempre una persona m\u00e1s recta, ayudar al pr\u00f3jimo y convivir siempre con todos mis amigos y con toda la gente, creo que es algo esencial que uno lleva dentro, es la esencia de Dios la que me mueve a hacer ese personaje\u201d, indic\u00f3.<\/p><\/blockquote>\n\n\n\n<p>En el programa de actividades del Santuario, el Jueves Santo est\u00e1 programada a las 6 de la tarde la Misa Vespertina de la Cena del Se\u00f1or (lavatorio), con transmisi\u00f3n v\u00eda Facebook de 7 a 11 de la noche.<\/p>\n\n\n\n<p>Asimismo, se llevar\u00e1 a cabo la Adoraci\u00f3n del Sant\u00edsimo Sacramento en su Monumento y la visita de las 7 casas.<\/p>\n\n\n\n<p>A las 7 de la noche, la \u00faltima cena y prendimiento del Se\u00f1or, as\u00ed como un recorrido desde el Atrio del Santuario, el cual pasar\u00e1 por el Andador 5 de mayo, Corregidora, \u00c1ngela Peralta, Andador 5 de Mayo, Corregidora, \u00c1ngela Peralta, Andador Pasteur, para finalmente, regresar al Santuario.<\/p>\n","protected":false},"excerpt":{"rendered":"<p>Por primera vez, en el Santuario de la Congregaci\u00f3n ubicado en el Centro Hist\u00f3rico de la Capital queretana, se llevar\u00e1 a cabo la representaci\u00f3n del Viacrucis que escenifica la Pasi\u00f3n &hellip; <a href=\"https:\/\/a3noticias.com.mx\/sandbox\/2022\/04\/14\/anuncian-primer-viacrucis-en-el-centro-historico-de-queretaro\/\" class=\"more-link\">Leer m\u00e1s<\/a><\/p>\n","protected":false},"author":4,"featured_media":20217,"comment_status":"open","ping_status":"open","sticky":false,"template":"","format":"standard","meta":{"_monsterinsights_skip_tracking":false,"_monsterinsights_sitenote_active":false,"_monsterinsights_sitenote_note":"","_monsterinsights_sitenote_category":0,"footnotes":""},"categories":[2],"tags":[],"class_list":["post-20216","post","type-post","status-publish","format-standard","has-post-thumbnail","hentry","category-qro","entry"],"aioseo_notices":[],"_links":{"self":[{"href":"https:\/\/a3noticias.com.mx\/sandbox\/wp-json\/wp\/v2\/posts\/20216","targetHints":{"allow":["GET"]}}],"collection":[{"href":"https:\/\/a3noticias.com.mx\/sandbox\/wp-json\/wp\/v2\/posts"}],"about":[{"href":"https:\/\/a3noticias.com.mx\/sandbox\/wp-json\/wp\/v2\/types\/post"}],"author":[{"embeddable":true,"href":"https:\/\/a3noticias.com.mx\/sandbox\/wp-json\/wp\/v2\/users\/4"}],"replies":[{"embeddable":true,"href":"https:\/\/a3noticias.com.mx\/sandbox\/wp-json\/wp\/v2\/comments?post=20216"}],"version-history":[{"count":1,"href":"https:\/\/a3noticias.com.mx\/sandbox\/wp-json\/wp\/v2\/posts\/20216\/revisions"}],"predecessor-version":[{"id":20218,"href":"https:\/\/a3noticias.com.mx\/sandbox\/wp-json\/wp\/v2\/posts\/20216\/revisions\/20218"}],"wp:featuredmedia":[{"embeddable":true,"href":"https:\/\/a3noticias.com.mx\/sandbox\/wp-json\/wp\/v2\/media\/20217"}],"wp:attachment":[{"href":"https:\/\/a3noticias.com.mx\/sandbox\/wp-json\/wp\/v2\/media?parent=20216"}],"wp:term":[{"taxonomy":"category","embeddable":true,"href":"https:\/\/a3noticias.com.mx\/sandbox\/wp-json\/wp\/v2\/categories?post=20216"},{"taxonomy":"post_tag","embeddable":true,"href":"https:\/\/a3noticias.com.mx\/sandbox\/wp-json\/wp\/v2\/tags?post=20216"}],"curies":[{"name":"wp","href":"https:\/\/api.w.org\/{rel}","templated":true}]}}