{"id":20219,"date":"2022-04-17T14:00:00","date_gmt":"2022-04-17T19:00:00","guid":{"rendered":"https:\/\/a3noticias.com.mx\/sandbox\/?p=20219"},"modified":"2022-04-13T21:35:52","modified_gmt":"2022-04-14T02:35:52","slug":"adulto-mayor-vende-tacos-y-nadie-le-compra","status":"publish","type":"post","link":"https:\/\/a3noticias.com.mx\/sandbox\/2022\/04\/17\/adulto-mayor-vende-tacos-y-nadie-le-compra\/","title":{"rendered":"Adulto mayor vende tacos y \u00a1nadie le compra!"},"content":{"rendered":"\n<p>Usuarios de las redes sociales buscan apoyar a un adulto mayor que vende tacos sobre <strong>Avenida 5 de Febrero, <\/strong>pues \u201ccasi no va gente a comprarle\u201d.<\/p>\n\n\n\n<p>Fue gracias a una publicaci\u00f3n realizada por una persona en Facebook que el caso ha comenzado a tomar revuelo, pues el joven que la comparti\u00f3 asegura que sus tacos est\u00e1n muy ricos, pero que casi nadie le compra, por lo que incit\u00f3 a quienes vieran su posteo a ir a comprarle al se\u00f1or para as\u00ed ayudarlo.<\/p>\n\n\n\n<blockquote class=\"wp-block-quote is-layout-flow wp-block-quote-is-layout-flow\"><p>\u00abBuenas noches. Quisiera poner a este se\u00f1or, ya de la tercera edad, que vende taquitos en la av. 5 de Febrero, a la altura de la Primera Plus. Est\u00e1n muy buenos pero ya casi no viene gente a c\u00f3mprale\u00bb, se lee en el posteo.<\/p><\/blockquote>\n\n\n\n<div class=\"wp-block-image\"><figure class=\"aligncenter size-large is-resized\"><img loading=\"lazy\" decoding=\"async\" src=\"https:\/\/a3noticias.com.mx\/sandbox\/wp-content\/uploads\/2022\/04\/Captura-de-pantalla-2022-04-13-a-las-21.20.01-1-115x90.png\" alt=\"\" class=\"wp-image-20221\" width=\"577\" height=\"452\" srcset=\"https:\/\/a3noticias.com.mx\/sandbox\/wp-content\/uploads\/2022\/04\/Captura-de-pantalla-2022-04-13-a-las-21.20.01-1-115x90.png 115w, https:\/\/a3noticias.com.mx\/sandbox\/wp-content\/uploads\/2022\/04\/Captura-de-pantalla-2022-04-13-a-las-21.20.01-1-300x234.png 300w\" sizes=\"auto, (max-width: 577px) 100vw, 577px\" \/><\/figure><\/div>\n\n\n\n<p>El hombre quien se identifica como Ruben Martin en Facebook, adem\u00e1s comparti\u00f3 dos fotograf\u00edas donde se observa el puesto solo y el se\u00f1or al fondo esperando a que alguien vaya a comprarle.<\/p>\n\n\n\n<p>Luego de esto, los internautas comenzaron a compartir la publicaci\u00f3n y se han puesto de acuerdo no solo para comprarle, sino para donar materiales para arreglar el carrito&nbsp;en el que&nbsp;vende bajo la leyenda \u00abRicos tacos de bistec\u00bb.<\/p>\n\n\n\n<p>Hasta ahora, la publicaci\u00f3n ha sido compartida m\u00e1s de mil veces, acumula cerca de 300 reacciones y tiene m\u00e1s de 100 comentarios en apoyo al adulto mayor.&nbsp;<\/p>\n","protected":false},"excerpt":{"rendered":"<p>Usuarios de las redes sociales buscan apoyar a un adulto mayor que vende tacos sobre Avenida 5 de Febrero, pues \u201ccasi no va gente a comprarle\u201d. Fue gracias a una &hellip; <a href=\"https:\/\/a3noticias.com.mx\/sandbox\/2022\/04\/17\/adulto-mayor-vende-tacos-y-nadie-le-compra\/\" class=\"more-link\">Leer m\u00e1s<\/a><\/p>\n","protected":false},"author":4,"featured_media":20222,"comment_status":"open","ping_status":"open","sticky":false,"template":"","format":"standard","meta":{"_monsterinsights_skip_tracking":false,"_monsterinsights_sitenote_active":false,"_monsterinsights_sitenote_note":"","_monsterinsights_sitenote_category":0,"footnotes":""},"categories":[7],"tags":[],"class_list":["post-20219","post","type-post","status-publish","format-standard","has-post-thumbnail","hentry","category-ap","entry"],"aioseo_notices":[],"_links":{"self":[{"href":"https:\/\/a3noticias.com.mx\/sandbox\/wp-json\/wp\/v2\/posts\/20219","targetHints":{"allow":["GET"]}}],"collection":[{"href":"https:\/\/a3noticias.com.mx\/sandbox\/wp-json\/wp\/v2\/posts"}],"about":[{"href":"https:\/\/a3noticias.com.mx\/sandbox\/wp-json\/wp\/v2\/types\/post"}],"author":[{"embeddable":true,"href":"https:\/\/a3noticias.com.mx\/sandbox\/wp-json\/wp\/v2\/users\/4"}],"replies":[{"embeddable":true,"href":"https:\/\/a3noticias.com.mx\/sandbox\/wp-json\/wp\/v2\/comments?post=20219"}],"version-history":[{"count":1,"href":"https:\/\/a3noticias.com.mx\/sandbox\/wp-json\/wp\/v2\/posts\/20219\/revisions"}],"predecessor-version":[{"id":20223,"href":"https:\/\/a3noticias.com.mx\/sandbox\/wp-json\/wp\/v2\/posts\/20219\/revisions\/20223"}],"wp:featuredmedia":[{"embeddable":true,"href":"https:\/\/a3noticias.com.mx\/sandbox\/wp-json\/wp\/v2\/media\/20222"}],"wp:attachment":[{"href":"https:\/\/a3noticias.com.mx\/sandbox\/wp-json\/wp\/v2\/media?parent=20219"}],"wp:term":[{"taxonomy":"category","embeddable":true,"href":"https:\/\/a3noticias.com.mx\/sandbox\/wp-json\/wp\/v2\/categories?post=20219"},{"taxonomy":"post_tag","embeddable":true,"href":"https:\/\/a3noticias.com.mx\/sandbox\/wp-json\/wp\/v2\/tags?post=20219"}],"curies":[{"name":"wp","href":"https:\/\/api.w.org\/{rel}","templated":true}]}}