{"id":20224,"date":"2022-04-17T11:00:00","date_gmt":"2022-04-17T16:00:00","guid":{"rendered":"https:\/\/a3noticias.com.mx\/sandbox\/?p=20224"},"modified":"2022-04-13T22:00:41","modified_gmt":"2022-04-14T03:00:41","slug":"quema-de-judas-en-queretaro-una-tradicion-viva","status":"publish","type":"post","link":"https:\/\/a3noticias.com.mx\/sandbox\/2022\/04\/17\/quema-de-judas-en-queretaro-una-tradicion-viva\/","title":{"rendered":"Quema de Judas en Quer\u00e9taro, una tradici\u00f3n viva"},"content":{"rendered":"\n<p>Este domingo 17 de abril se llevar\u00e1 a cabo en la capital queretana la tradicional quema de Judas, la cual marca el triunfo del bien sobre el mal en una tradici\u00f3n con grande historia religiosa.<\/p>\n\n\n\n<p>Origen de esta tradici\u00f3n<\/p>\n\n\n\n<p>La quema de Judas es un evento donde se cuelgan y queman figuras hechas de cart\u00f3n y engrudo llenas de cuetes. Estas figuras representan a Judas Iscariote quien, de acuerdo con la tradici\u00f3n cristiana, traicion\u00f3 a Jes\u00fas. De esta forma, a trav\u00e9s de la quema del Judas se simboliza el castigo al mal y la traici\u00f3n.<\/p>\n\n\n\n<p>Se dice que esta tradici\u00f3n surgi\u00f3 en M\u00e9xico hace cientos de a\u00f1os, en la \u00e9poca de la Colonia, para evangelizar a los ind\u00edgenas. Representaba el triunfo del bien sobre el mal, por eso la figura com\u00fanmente era un diablo, aunque desde hace algunos a\u00f1os se opt\u00f3 por mu\u00f1ecos de pol\u00edticos, artistas o personajes populares.<\/p>\n\n\n\n<p>Este a\u00f1o, la Quema de Judas se realizar\u00e1 en el Andador 5 de mayo, a un costado del Templo de San Francisco, en punto de las 20:30 horas.<\/p>\n","protected":false},"excerpt":{"rendered":"<p>Este domingo 17 de abril se llevar\u00e1 a cabo en la capital queretana la tradicional quema de Judas, la cual marca el triunfo del bien sobre el mal en una &hellip; <a href=\"https:\/\/a3noticias.com.mx\/sandbox\/2022\/04\/17\/quema-de-judas-en-queretaro-una-tradicion-viva\/\" class=\"more-link\">Leer m\u00e1s<\/a><\/p>\n","protected":false},"author":4,"featured_media":20225,"comment_status":"open","ping_status":"open","sticky":false,"template":"","format":"standard","meta":{"_monsterinsights_skip_tracking":false,"_monsterinsights_sitenote_active":false,"_monsterinsights_sitenote_note":"","_monsterinsights_sitenote_category":0,"footnotes":""},"categories":[9],"tags":[],"class_list":["post-20224","post","type-post","status-publish","format-standard","has-post-thumbnail","hentry","category-cultura","entry"],"aioseo_notices":[],"_links":{"self":[{"href":"https:\/\/a3noticias.com.mx\/sandbox\/wp-json\/wp\/v2\/posts\/20224","targetHints":{"allow":["GET"]}}],"collection":[{"href":"https:\/\/a3noticias.com.mx\/sandbox\/wp-json\/wp\/v2\/posts"}],"about":[{"href":"https:\/\/a3noticias.com.mx\/sandbox\/wp-json\/wp\/v2\/types\/post"}],"author":[{"embeddable":true,"href":"https:\/\/a3noticias.com.mx\/sandbox\/wp-json\/wp\/v2\/users\/4"}],"replies":[{"embeddable":true,"href":"https:\/\/a3noticias.com.mx\/sandbox\/wp-json\/wp\/v2\/comments?post=20224"}],"version-history":[{"count":1,"href":"https:\/\/a3noticias.com.mx\/sandbox\/wp-json\/wp\/v2\/posts\/20224\/revisions"}],"predecessor-version":[{"id":20226,"href":"https:\/\/a3noticias.com.mx\/sandbox\/wp-json\/wp\/v2\/posts\/20224\/revisions\/20226"}],"wp:featuredmedia":[{"embeddable":true,"href":"https:\/\/a3noticias.com.mx\/sandbox\/wp-json\/wp\/v2\/media\/20225"}],"wp:attachment":[{"href":"https:\/\/a3noticias.com.mx\/sandbox\/wp-json\/wp\/v2\/media?parent=20224"}],"wp:term":[{"taxonomy":"category","embeddable":true,"href":"https:\/\/a3noticias.com.mx\/sandbox\/wp-json\/wp\/v2\/categories?post=20224"},{"taxonomy":"post_tag","embeddable":true,"href":"https:\/\/a3noticias.com.mx\/sandbox\/wp-json\/wp\/v2\/tags?post=20224"}],"curies":[{"name":"wp","href":"https:\/\/api.w.org\/{rel}","templated":true}]}}