{"id":20248,"date":"2022-04-18T10:39:12","date_gmt":"2022-04-18T15:39:12","guid":{"rendered":"https:\/\/a3noticias.com.mx\/sandbox\/?p=20248"},"modified":"2022-04-18T10:39:13","modified_gmt":"2022-04-18T15:39:13","slug":"fue-un-acto-de-traicion-a-mexico-dice-amlo-sobre-freno-a-reforma-electrica-por-parte-de-legisladores","status":"publish","type":"post","link":"https:\/\/a3noticias.com.mx\/sandbox\/2022\/04\/18\/fue-un-acto-de-traicion-a-mexico-dice-amlo-sobre-freno-a-reforma-electrica-por-parte-de-legisladores\/","title":{"rendered":"\u00abFue un acto de traici\u00f3n a M\u00e9xico\u00bb dice AMLO sobre freno a Reforma El\u00e9ctrica por parte de legisladores."},"content":{"rendered":"\n<p>El presidente Andr\u00e9s Manuel L\u00f3pez Obrador se\u00f1al\u00f3 que el que Diputados Federales dieran un freno total a Reforma El\u00e9ctrica fue una traici\u00f3n al pueblo y calific\u00f3 de lamentable que los diputados prefirieron respaldar a \u201clos saqueadores\u201d en lugar de defender a la naci\u00f3n, pues asegur\u00f3 que los legisladores se convirtieron en francos defensores de las empresas extranjeras que s\u00f3lo se dedican a robar.<\/p>\n\n\n\n<blockquote class=\"wp-block-quote is-layout-flow wp-block-quote-is-layout-flow\"><p>\u201cConsidero que en el d\u00eda de ayer se cometi\u00f3 un acto de traici\u00f3n a M\u00e9xico por parte de un grupo de legisladores que en vez de defender los intereses del pueblo, en vez de defender lo p\u00fablico se convirtieron en francos defensores de empresas extranjeras que se dedican a robar. Estos diputados respaldaron a los saqueadores, para decirlo con claridad. Muy lamentable lo que sucedi\u00f3 aunque tampoco es extra\u00f1o\u201d.<\/p><\/blockquote>\n\n\n\n<p>El jefe del Ejecutivo federal calific\u00f3 a la oposici\u00f3n como \u201cvendepatrias\u201d y se\u00f1al\u00f3 que estos no argumentaron nada en contra de la Reforma El\u00e9ctrica durante el debate. En ese sentido aplaudi\u00f3 a los diputados que \u201caguantaron\u201d de todo y votaron a favor de la reforma el\u00e9ctrica, asegur\u00f3 que cada vez el pa\u00eds est\u00e1 m\u00e1s despierto.&nbsp;<\/p>\n\n\n\n<p>El mandatario federal dijo a la poblaci\u00f3n que no hay nada que temer con el rev\u00e9s que se di\u00f3 a su iniciativa de reforma el\u00e9ctrica, pues asever\u00f3 que ya sab\u00eda que habr\u00eda traiciones, por lo que se previno con acciones.<\/p>\n\n\n\n<blockquote class=\"wp-block-quote is-layout-flow wp-block-quote-is-layout-flow\"><p>\u201cNo hay nada que temer, actuamos de manera preventiva; ya sab\u00edamos que pod\u00edan haber traiciones y que son muy fuertes los intereses de quienes dominan el sector energ\u00e9tico\u201d<\/p><\/blockquote>\n\n\n\n<p>El mandatario asegur\u00f3 que aunque la Reforma El\u00e9ctrica no fue aprobada, su gobierno mantendr\u00e1 el precio de la luz a bajos precios.<\/p>\n\n\n\n<p>Apunt\u00f3 que pese a no alcanzar los votos necesarios, esto no representa \u201cel sentir del pueblo\u201d y se\u00f1al\u00f3 que dejar\u00e1 la reforma constitucional para candidato de Morena del 2024<\/p>\n\n\n\n<blockquote class=\"wp-block-quote is-layout-flow wp-block-quote-is-layout-flow\"><p>\u201cQue los candidatos o el candidato que surja de nuestro movimiento lo vuelva a plantear\u2026En la buena pol\u00edtica no se gana siempre, nosotros sab\u00edamos que no \u00edbamos a ganar siempre pero que \u00edbamos a abrir camino\u2026en el p\u00f3ker se pierde y luego se gana\u201d<\/p><\/blockquote>\n","protected":false},"excerpt":{"rendered":"<p>El presidente Andr\u00e9s Manuel L\u00f3pez Obrador se\u00f1al\u00f3 que el que Diputados Federales dieran un freno total a Reforma El\u00e9ctrica fue una traici\u00f3n al pueblo y calific\u00f3 de lamentable que los &hellip; <a href=\"https:\/\/a3noticias.com.mx\/sandbox\/2022\/04\/18\/fue-un-acto-de-traicion-a-mexico-dice-amlo-sobre-freno-a-reforma-electrica-por-parte-de-legisladores\/\" class=\"more-link\">Leer m\u00e1s<\/a><\/p>\n","protected":false},"author":2,"featured_media":20249,"comment_status":"open","ping_status":"open","sticky":false,"template":"","format":"standard","meta":{"_monsterinsights_skip_tracking":false,"_monsterinsights_sitenote_active":false,"_monsterinsights_sitenote_note":"","_monsterinsights_sitenote_category":0,"footnotes":""},"categories":[3],"tags":[],"class_list":["post-20248","post","type-post","status-publish","format-standard","has-post-thumbnail","hentry","category-nal","entry"],"aioseo_notices":[],"_links":{"self":[{"href":"https:\/\/a3noticias.com.mx\/sandbox\/wp-json\/wp\/v2\/posts\/20248","targetHints":{"allow":["GET"]}}],"collection":[{"href":"https:\/\/a3noticias.com.mx\/sandbox\/wp-json\/wp\/v2\/posts"}],"about":[{"href":"https:\/\/a3noticias.com.mx\/sandbox\/wp-json\/wp\/v2\/types\/post"}],"author":[{"embeddable":true,"href":"https:\/\/a3noticias.com.mx\/sandbox\/wp-json\/wp\/v2\/users\/2"}],"replies":[{"embeddable":true,"href":"https:\/\/a3noticias.com.mx\/sandbox\/wp-json\/wp\/v2\/comments?post=20248"}],"version-history":[{"count":1,"href":"https:\/\/a3noticias.com.mx\/sandbox\/wp-json\/wp\/v2\/posts\/20248\/revisions"}],"predecessor-version":[{"id":20250,"href":"https:\/\/a3noticias.com.mx\/sandbox\/wp-json\/wp\/v2\/posts\/20248\/revisions\/20250"}],"wp:featuredmedia":[{"embeddable":true,"href":"https:\/\/a3noticias.com.mx\/sandbox\/wp-json\/wp\/v2\/media\/20249"}],"wp:attachment":[{"href":"https:\/\/a3noticias.com.mx\/sandbox\/wp-json\/wp\/v2\/media?parent=20248"}],"wp:term":[{"taxonomy":"category","embeddable":true,"href":"https:\/\/a3noticias.com.mx\/sandbox\/wp-json\/wp\/v2\/categories?post=20248"},{"taxonomy":"post_tag","embeddable":true,"href":"https:\/\/a3noticias.com.mx\/sandbox\/wp-json\/wp\/v2\/tags?post=20248"}],"curies":[{"name":"wp","href":"https:\/\/api.w.org\/{rel}","templated":true}]}}