{"id":20265,"date":"2022-04-18T16:38:17","date_gmt":"2022-04-18T21:38:17","guid":{"rendered":"https:\/\/a3noticias.com.mx\/sandbox\/?p=20265"},"modified":"2022-04-18T16:38:18","modified_gmt":"2022-04-18T21:38:18","slug":"convocan-a-marcha-del-orgullo-lgbt-en-queretaro-se-exigira-respeto-de-derechos-al-reconocimiento","status":"publish","type":"post","link":"https:\/\/a3noticias.com.mx\/sandbox\/2022\/04\/18\/convocan-a-marcha-del-orgullo-lgbt-en-queretaro-se-exigira-respeto-de-derechos-al-reconocimiento\/","title":{"rendered":"Convocan a Marcha del Orgullo LGBT en Quer\u00e9taro: se exigir\u00e1 respeto de derechos al reconocimiento."},"content":{"rendered":"\n<p>Con la finalidad de que se apruebe la ley de identidad de g\u00e9nero, que se proh\u00edban las \u201cterapias de conversi\u00f3n\u201d y se garantice la libertad y el respeto a todas las personas en el estado, integrantes del Comit\u00e9 organizador de la Marcha del Orgullo y Dignidad LGBT+ de Quer\u00e9taro convocan a participar en la 6ta edici\u00f3n, la cual se llevar\u00e1 a cabo el pr\u00f3ximo 18 de junio a las 4 de la tarde.<\/p>\n\n\n\n<p>Se\u00f1alaron que en esta edici\u00f3n se ha decidido realizar el cambio de nombre, pues adem\u00e1s de manifestar el orgullo se exigir\u00e1n los derechos para todas las personas.<\/p>\n\n\n\n<blockquote class=\"wp-block-quote is-layout-flow wp-block-quote-is-layout-flow\"><p>\u201cHacemos el llamado para que las fronteras entre las personas que marcan la otredad crucemos el puente de la empat\u00eda y antes de encontrar diferencias en el otro seamos capaces de reconocer a la persona cita vida tiene un objeto en s\u00ed misma, tiene valores y el derecho a desarrollar su proyecto de vida como decida vivirlo y ser feliz\u201d. <\/p><cite>Benjam\u00edn Delgado.<\/cite><\/blockquote>\n\n\n\n<p>Entre las peticiones que har\u00e1n a las autoridades estatales, ser\u00e1 la aprobaci\u00f3n de la legislaci\u00f3n para el reconocimiento de identidad de g\u00e9nero, la prohibici\u00f3n del Ecosig o llamadas terapias de conversi\u00f3n para el poder Legislativo; mientras que al Ejecutivo se le pedir\u00e1 que implemente acciones urgentes para prevenir el VIH, as\u00ed como en materia de adicciones, que a trav\u00e9s de la Secretar\u00eda de Educaci\u00f3n trabajar acciones en contra del acoso escolar por orientaci\u00f3n, identidad o expresi\u00f3n de g\u00e9nero.<\/p>\n\n\n\n<p>Acerca de la marcha precisaron que el arranque ser\u00e1 del mirador de los Arcos para continuar por la calle Independencia, por la glorieta de Manuel Acu\u00f1a hasta Zaragoza, Benito Ju\u00e1rez, 16 de septiembre para concluir en el Jard\u00edn Guerrero en donde se llevar\u00e1 a cabo el evento final \u201cReconocimiento Arcoiris\u201d, el cual ser\u00e1 un espacio cultural, musical y art\u00edstico para la comunidad.&nbsp;<\/p>\n\n\n\n<p>Se\u00f1alaron que la convocatoria para \u201cReconocimiento Arco\u00edris\u201d se emitir\u00e1n en el transcurso de la semana.&nbsp;<\/p>\n","protected":false},"excerpt":{"rendered":"<p>Con la finalidad de que se apruebe la ley de identidad de g\u00e9nero, que se proh\u00edban las \u201cterapias de conversi\u00f3n\u201d y se garantice la libertad y el respeto a todas &hellip; <a href=\"https:\/\/a3noticias.com.mx\/sandbox\/2022\/04\/18\/convocan-a-marcha-del-orgullo-lgbt-en-queretaro-se-exigira-respeto-de-derechos-al-reconocimiento\/\" class=\"more-link\">Leer m\u00e1s<\/a><\/p>\n","protected":false},"author":2,"featured_media":20266,"comment_status":"open","ping_status":"open","sticky":false,"template":"","format":"standard","meta":{"_monsterinsights_skip_tracking":false,"_monsterinsights_sitenote_active":false,"_monsterinsights_sitenote_note":"","_monsterinsights_sitenote_category":0,"footnotes":""},"categories":[2],"tags":[],"class_list":["post-20265","post","type-post","status-publish","format-standard","has-post-thumbnail","hentry","category-qro","entry"],"aioseo_notices":[],"_links":{"self":[{"href":"https:\/\/a3noticias.com.mx\/sandbox\/wp-json\/wp\/v2\/posts\/20265","targetHints":{"allow":["GET"]}}],"collection":[{"href":"https:\/\/a3noticias.com.mx\/sandbox\/wp-json\/wp\/v2\/posts"}],"about":[{"href":"https:\/\/a3noticias.com.mx\/sandbox\/wp-json\/wp\/v2\/types\/post"}],"author":[{"embeddable":true,"href":"https:\/\/a3noticias.com.mx\/sandbox\/wp-json\/wp\/v2\/users\/2"}],"replies":[{"embeddable":true,"href":"https:\/\/a3noticias.com.mx\/sandbox\/wp-json\/wp\/v2\/comments?post=20265"}],"version-history":[{"count":1,"href":"https:\/\/a3noticias.com.mx\/sandbox\/wp-json\/wp\/v2\/posts\/20265\/revisions"}],"predecessor-version":[{"id":20267,"href":"https:\/\/a3noticias.com.mx\/sandbox\/wp-json\/wp\/v2\/posts\/20265\/revisions\/20267"}],"wp:featuredmedia":[{"embeddable":true,"href":"https:\/\/a3noticias.com.mx\/sandbox\/wp-json\/wp\/v2\/media\/20266"}],"wp:attachment":[{"href":"https:\/\/a3noticias.com.mx\/sandbox\/wp-json\/wp\/v2\/media?parent=20265"}],"wp:term":[{"taxonomy":"category","embeddable":true,"href":"https:\/\/a3noticias.com.mx\/sandbox\/wp-json\/wp\/v2\/categories?post=20265"},{"taxonomy":"post_tag","embeddable":true,"href":"https:\/\/a3noticias.com.mx\/sandbox\/wp-json\/wp\/v2\/tags?post=20265"}],"curies":[{"name":"wp","href":"https:\/\/api.w.org\/{rel}","templated":true}]}}