{"id":20270,"date":"2022-04-19T09:35:04","date_gmt":"2022-04-19T14:35:04","guid":{"rendered":"https:\/\/a3noticias.com.mx\/sandbox\/?p=20270"},"modified":"2022-04-19T09:35:04","modified_gmt":"2022-04-19T14:35:04","slug":"luego-de-dias-santos-hay-repuntes-en-casos-de-covid-19-en-queretaro","status":"publish","type":"post","link":"https:\/\/a3noticias.com.mx\/sandbox\/2022\/04\/19\/luego-de-dias-santos-hay-repuntes-en-casos-de-covid-19-en-queretaro\/","title":{"rendered":"Luego de D\u00edas Santos hay repuntes en casos de Covid-19 en Quer\u00e9taro."},"content":{"rendered":"\n<p>La Secretar\u00eda de Salud de Quer\u00e9taro report\u00f3 este lunes cero defunciones por COVID-19, aunque&nbsp;en los \u00faltimos tres d\u00edas se han sumado 193 casos de la enfermedad en el estado (el s\u00e1bado se registraron seis, el domingo uno y este lunes 186), se trata de 104 mujeres y 89 hombres.&nbsp;El registro acumulado es de 138 mil 211 casos; 52% son mujeres y 48% son hombres.<\/p>\n\n\n\n<p>Se dio de alta sanitaria a 192 pacientes, con lo que se tiene un registro de 131 mil 566 altas (95.19%).<\/p>\n\n\n\n<p>Con sintomatolog\u00eda leve, aislamiento y manejo en su domicilio hay tres pacientes y ninguno hospitalizado. Se han registrado seis mil 642 defunciones.<\/p>\n\n\n\n<p>Con relaci\u00f3n a la disponibilidad de camas de hospitalizaci\u00f3n general y con ventilador, con informaci\u00f3n del 17 de abril, se tiene una ocupaci\u00f3n de uno por ciento, con base en la Red Negativa de Infecciones Respiratorias Agudas (IRAG).<\/p>\n\n\n\n<p>En Quer\u00e9taro se registra cero por ciento de ocupaci\u00f3n de camas con ventilador y uno por ciento en camas sin ventilador.<\/p>\n\n\n\n<p>Se exhorta a la poblaci\u00f3n a no automedicarse y,&nbsp;para prevenir la transmisi\u00f3n,&nbsp;mantener sana distancia entre personas (al menos un metro),&nbsp;lavarse las manos de manera frecuente con agua y jab\u00f3n o utilizar soluciones alcoholadas a 70%,&nbsp;usar cubreboca&nbsp;cuando se asista a reuniones o eventos en sitios p\u00fablicos o privados, sean lugares cerrados o al aire libre y en donde no se pueda mantener la distancia entre personas, as\u00ed como en el transporte p\u00fablico y al interior de las instituciones educativas.<\/p>\n\n\n\n<p>Asimismo, a quedarse en casa&nbsp;cuando&nbsp;se tienen enfermedades respiratorias y&nbsp;comunicarse al&nbsp;<em>call center<\/em>&nbsp;estatal 4421015205, para recibir orientaci\u00f3n m\u00e9dica&nbsp;si se presenta alguno de los s\u00edntomas o signos como:&nbsp;dificultad para respirar (dato de gravedad), fiebre (mayor a 38 grados), dolor de cabeza, tos, dolor de garganta, escurrimiento nasal,&nbsp;dolor de pecho, alteraci\u00f3n del olfato o del sentido del gusto.<\/p>\n\n\n\n<p>Para m\u00e1s informaci\u00f3n sobre COVID-19 consulta los micrositios:&nbsp;<a href=\"http:\/\/www.coronavirus.gob.mx\/\">coronavirus.gob.mx<\/a>&nbsp;&nbsp;y&nbsp;<a href=\"http:\/\/www.covid19.queretaro.gob.mx\/\">covid19.queretaro.gob.mx<\/a>&nbsp;&nbsp;&nbsp;&nbsp;&nbsp;<\/p>\n","protected":false},"excerpt":{"rendered":"<p>La Secretar\u00eda de Salud de Quer\u00e9taro report\u00f3 este lunes cero defunciones por COVID-19, aunque&nbsp;en los \u00faltimos tres d\u00edas se han sumado 193 casos de la enfermedad en el estado (el &hellip; <a href=\"https:\/\/a3noticias.com.mx\/sandbox\/2022\/04\/19\/luego-de-dias-santos-hay-repuntes-en-casos-de-covid-19-en-queretaro\/\" class=\"more-link\">Leer m\u00e1s<\/a><\/p>\n","protected":false},"author":2,"featured_media":18253,"comment_status":"open","ping_status":"open","sticky":false,"template":"","format":"standard","meta":{"_monsterinsights_skip_tracking":false,"_monsterinsights_sitenote_active":false,"_monsterinsights_sitenote_note":"","_monsterinsights_sitenote_category":0,"footnotes":""},"categories":[2],"tags":[],"class_list":["post-20270","post","type-post","status-publish","format-standard","has-post-thumbnail","hentry","category-qro","entry"],"aioseo_notices":[],"_links":{"self":[{"href":"https:\/\/a3noticias.com.mx\/sandbox\/wp-json\/wp\/v2\/posts\/20270","targetHints":{"allow":["GET"]}}],"collection":[{"href":"https:\/\/a3noticias.com.mx\/sandbox\/wp-json\/wp\/v2\/posts"}],"about":[{"href":"https:\/\/a3noticias.com.mx\/sandbox\/wp-json\/wp\/v2\/types\/post"}],"author":[{"embeddable":true,"href":"https:\/\/a3noticias.com.mx\/sandbox\/wp-json\/wp\/v2\/users\/2"}],"replies":[{"embeddable":true,"href":"https:\/\/a3noticias.com.mx\/sandbox\/wp-json\/wp\/v2\/comments?post=20270"}],"version-history":[{"count":1,"href":"https:\/\/a3noticias.com.mx\/sandbox\/wp-json\/wp\/v2\/posts\/20270\/revisions"}],"predecessor-version":[{"id":20271,"href":"https:\/\/a3noticias.com.mx\/sandbox\/wp-json\/wp\/v2\/posts\/20270\/revisions\/20271"}],"wp:featuredmedia":[{"embeddable":true,"href":"https:\/\/a3noticias.com.mx\/sandbox\/wp-json\/wp\/v2\/media\/18253"}],"wp:attachment":[{"href":"https:\/\/a3noticias.com.mx\/sandbox\/wp-json\/wp\/v2\/media?parent=20270"}],"wp:term":[{"taxonomy":"category","embeddable":true,"href":"https:\/\/a3noticias.com.mx\/sandbox\/wp-json\/wp\/v2\/categories?post=20270"},{"taxonomy":"post_tag","embeddable":true,"href":"https:\/\/a3noticias.com.mx\/sandbox\/wp-json\/wp\/v2\/tags?post=20270"}],"curies":[{"name":"wp","href":"https:\/\/api.w.org\/{rel}","templated":true}]}}