{"id":20272,"date":"2022-04-19T10:21:35","date_gmt":"2022-04-19T15:21:35","guid":{"rendered":"https:\/\/a3noticias.com.mx\/sandbox\/?p=20272"},"modified":"2022-04-19T10:21:36","modified_gmt":"2022-04-19T15:21:36","slug":"amlo-celebra-aprobacion-de-nacionalizacion-del-litio-con-reforma-a-ley-minera","status":"publish","type":"post","link":"https:\/\/a3noticias.com.mx\/sandbox\/2022\/04\/19\/amlo-celebra-aprobacion-de-nacionalizacion-del-litio-con-reforma-a-ley-minera\/","title":{"rendered":"AMLO celebra aprobaci\u00f3n de nacionalizaci\u00f3n del litio con reforma a Ley Minera."},"content":{"rendered":"\n<p>Durante su conferencia \u2018La Ma\u00f1anera\u2019, el presidente Andr\u00e9s Manuel L\u00f3pez Obrador, celebr\u00f3 la aprobaci\u00f3n de la nacionalizaci\u00f3n del litio con reforma a Ley Minera en C\u00e1mara de Diputados.<\/p>\n\n\n\n<blockquote class=\"wp-block-quote is-layout-flow wp-block-quote-is-layout-flow\"><p>\u201cEstoy muy contento con lo del litio\u201d<\/p><\/blockquote>\n\n\n\n<p>El mandatario se\u00f1al\u00f3 que se trata de un primer triunfo sobre los cabilderos y abogados que frenaron en el Congreso la reforma constitucional en materia el\u00e9ctrica, que contemplaba el aprovechamiento de ese mineral. De igual forma, adelant\u00f3 que su gobierno ya estudia el desarrollar o adquirir la tecnolog\u00eda necesaria para explotar el mineral.<\/p>\n\n\n\n<blockquote class=\"wp-block-quote is-layout-flow wp-block-quote-is-layout-flow\"><p>\u201cFue una muy buena decisi\u00f3n la de ayer. A ver si no les jalan las orejas a los que no hicieron su trabajo completo. Pensaron que bloqueando la reforma constitucional ya con eso estaba resuelto\u201d.<\/p><\/blockquote>\n\n\n\n<p>En ese sentido, el mandatario critic\u00f3 que la oposici\u00f3n se excus\u00f3 de votar en el Pleno bajo el argumento de que no les hab\u00edan pasado el dictamen; el mandatario se burl\u00f3 y dijo que la iniciativa que envi\u00f3 era solo de tres hojas. La reforma fue aprobada por los votos de Morena, PT y Verde, con las ausencias de PAN, PRI y PRD.<\/p>\n\n\n\n<blockquote class=\"wp-block-quote is-layout-flow wp-block-quote-is-layout-flow\"><p>\u201cSon tres hojas. C\u00f3mo no las van a buscar. Aceptando sin conceder. Tiene que ver con un bien de la naci\u00f3n que ambicionan extranjeros, me consta que lo ambicionan. No estoy seguro, pero hay quienes sostienen que el golpe de Estado en Bolivia tiene que ver con el litio. Yo no lo asegurar\u00eda. Evo lo dijo, pero ese es su punto de vista\u201d<\/p><\/blockquote>\n\n\n\n<p>La reforma a la Ley Minera establece que el litio es un mineral que exclusivamente explotar\u00e1 la naci\u00f3n mediante una empresa del Estado descentralizada.&nbsp;<\/p>\n\n\n\n<p>En ese sentido, afirm\u00f3 que gobierno federal pondr\u00e1 a revisi\u00f3n los contratos con mineras exclusivos para explotar el litio en M\u00e9xico, y advirti\u00f3 que de no cumplir con los requisitos, como haber consultado previamente a las comunidades afectadas, se revocar\u00e1n.<\/p>\n\n\n\n<blockquote class=\"wp-block-quote is-layout-flow wp-block-quote-is-layout-flow\"><p>\u201cSe van a revisar todos los contratos, los autorizados para el litio. Hoy viene en los medios de que se entregaron 150 mil hect\u00e1reas en el gobierno pasado, a algunas empresas, eso se tiene que revisar y se tiene que ver si se cumpli\u00f3 con los procedimientos\u201d.<\/p><\/blockquote>\n","protected":false},"excerpt":{"rendered":"<p>Durante su conferencia \u2018La Ma\u00f1anera\u2019, el presidente Andr\u00e9s Manuel L\u00f3pez Obrador, celebr\u00f3 la aprobaci\u00f3n de la nacionalizaci\u00f3n del litio con reforma a Ley Minera en C\u00e1mara de Diputados. \u201cEstoy muy &hellip; <a href=\"https:\/\/a3noticias.com.mx\/sandbox\/2022\/04\/19\/amlo-celebra-aprobacion-de-nacionalizacion-del-litio-con-reforma-a-ley-minera\/\" class=\"more-link\">Leer m\u00e1s<\/a><\/p>\n","protected":false},"author":2,"featured_media":20273,"comment_status":"open","ping_status":"open","sticky":false,"template":"","format":"standard","meta":{"_monsterinsights_skip_tracking":false,"_monsterinsights_sitenote_active":false,"_monsterinsights_sitenote_note":"","_monsterinsights_sitenote_category":0,"footnotes":""},"categories":[3],"tags":[],"class_list":["post-20272","post","type-post","status-publish","format-standard","has-post-thumbnail","hentry","category-nal","entry"],"aioseo_notices":[],"_links":{"self":[{"href":"https:\/\/a3noticias.com.mx\/sandbox\/wp-json\/wp\/v2\/posts\/20272","targetHints":{"allow":["GET"]}}],"collection":[{"href":"https:\/\/a3noticias.com.mx\/sandbox\/wp-json\/wp\/v2\/posts"}],"about":[{"href":"https:\/\/a3noticias.com.mx\/sandbox\/wp-json\/wp\/v2\/types\/post"}],"author":[{"embeddable":true,"href":"https:\/\/a3noticias.com.mx\/sandbox\/wp-json\/wp\/v2\/users\/2"}],"replies":[{"embeddable":true,"href":"https:\/\/a3noticias.com.mx\/sandbox\/wp-json\/wp\/v2\/comments?post=20272"}],"version-history":[{"count":1,"href":"https:\/\/a3noticias.com.mx\/sandbox\/wp-json\/wp\/v2\/posts\/20272\/revisions"}],"predecessor-version":[{"id":20274,"href":"https:\/\/a3noticias.com.mx\/sandbox\/wp-json\/wp\/v2\/posts\/20272\/revisions\/20274"}],"wp:featuredmedia":[{"embeddable":true,"href":"https:\/\/a3noticias.com.mx\/sandbox\/wp-json\/wp\/v2\/media\/20273"}],"wp:attachment":[{"href":"https:\/\/a3noticias.com.mx\/sandbox\/wp-json\/wp\/v2\/media?parent=20272"}],"wp:term":[{"taxonomy":"category","embeddable":true,"href":"https:\/\/a3noticias.com.mx\/sandbox\/wp-json\/wp\/v2\/categories?post=20272"},{"taxonomy":"post_tag","embeddable":true,"href":"https:\/\/a3noticias.com.mx\/sandbox\/wp-json\/wp\/v2\/tags?post=20272"}],"curies":[{"name":"wp","href":"https:\/\/api.w.org\/{rel}","templated":true}]}}