{"id":20278,"date":"2022-04-19T11:33:53","date_gmt":"2022-04-19T16:33:53","guid":{"rendered":"https:\/\/a3noticias.com.mx\/sandbox\/?p=20278"},"modified":"2022-04-19T11:33:54","modified_gmt":"2022-04-19T16:33:54","slug":"por-retraso-de-covax-mexico-busca-vacunas-para-menores-de-5-a-11-anos-con-pfizer","status":"publish","type":"post","link":"https:\/\/a3noticias.com.mx\/sandbox\/2022\/04\/19\/por-retraso-de-covax-mexico-busca-vacunas-para-menores-de-5-a-11-anos-con-pfizer\/","title":{"rendered":"Por retraso de Covax, M\u00e9xico busca vacunas para menores de 5 a 11 a\u00f1os con Pfizer"},"content":{"rendered":"\n<p>Hugo L\u00f3pez- Gatell, subsecretario de Salud a nivel federal, se\u00f1al\u00f3 que ha habido acercamientos con Pfizer para la adquisici\u00f3n de vacunas contra covid 19 para ni\u00f1as y ni\u00f1os de 5 a 11 a\u00f1os; esto ante el retraso del mecanismo Covax para la entrega de los biol\u00f3gicos.&nbsp;<\/p>\n\n\n\n<p>L\u00f3pez-Gatell detall\u00f3 que en caso de firmarse un acuerdo, la farmac\u00e9utica podr\u00eda entregar las vacunas en el segundo semestre de 2022.<\/p>\n\n\n\n<blockquote class=\"wp-block-quote is-layout-flow wp-block-quote-is-layout-flow\"><p>\u201cTenemos varios mecanismos con los que procuramos tener esas vacunas, por un lado, ya lo hab\u00edamos se\u00f1alado, est\u00e1 Covax, en el que tenemos 78 millones de d\u00f3lares invertidos (\u2026), y hasta el momento el mecanismo no ha puesto en oferta la vacuna espec\u00edfica para 5 a 11 a\u00f1os, una dosis de Pfizer peor en otra formulaci\u00f3n, otro envasado en las dosis para ese grupo\u201d<\/p><\/blockquote>\n\n\n\n<p>El subsecretario se\u00f1al\u00f3 que las vacunas del biol\u00f3gico Pfizer podr\u00edan ser entregadas en el segundo trimestre de 2022 eventualmente despu\u00e9s de un contrato.<\/p>\n","protected":false},"excerpt":{"rendered":"<p>Hugo L\u00f3pez- Gatell, subsecretario de Salud a nivel federal, se\u00f1al\u00f3 que ha habido acercamientos con Pfizer para la adquisici\u00f3n de vacunas contra covid 19 para ni\u00f1as y ni\u00f1os de 5 &hellip; <a href=\"https:\/\/a3noticias.com.mx\/sandbox\/2022\/04\/19\/por-retraso-de-covax-mexico-busca-vacunas-para-menores-de-5-a-11-anos-con-pfizer\/\" class=\"more-link\">Leer m\u00e1s<\/a><\/p>\n","protected":false},"author":2,"featured_media":18014,"comment_status":"open","ping_status":"open","sticky":false,"template":"","format":"standard","meta":{"_monsterinsights_skip_tracking":false,"_monsterinsights_sitenote_active":false,"_monsterinsights_sitenote_note":"","_monsterinsights_sitenote_category":0,"footnotes":""},"categories":[3],"tags":[],"class_list":["post-20278","post","type-post","status-publish","format-standard","has-post-thumbnail","hentry","category-nal","entry"],"aioseo_notices":[],"_links":{"self":[{"href":"https:\/\/a3noticias.com.mx\/sandbox\/wp-json\/wp\/v2\/posts\/20278","targetHints":{"allow":["GET"]}}],"collection":[{"href":"https:\/\/a3noticias.com.mx\/sandbox\/wp-json\/wp\/v2\/posts"}],"about":[{"href":"https:\/\/a3noticias.com.mx\/sandbox\/wp-json\/wp\/v2\/types\/post"}],"author":[{"embeddable":true,"href":"https:\/\/a3noticias.com.mx\/sandbox\/wp-json\/wp\/v2\/users\/2"}],"replies":[{"embeddable":true,"href":"https:\/\/a3noticias.com.mx\/sandbox\/wp-json\/wp\/v2\/comments?post=20278"}],"version-history":[{"count":1,"href":"https:\/\/a3noticias.com.mx\/sandbox\/wp-json\/wp\/v2\/posts\/20278\/revisions"}],"predecessor-version":[{"id":20279,"href":"https:\/\/a3noticias.com.mx\/sandbox\/wp-json\/wp\/v2\/posts\/20278\/revisions\/20279"}],"wp:featuredmedia":[{"embeddable":true,"href":"https:\/\/a3noticias.com.mx\/sandbox\/wp-json\/wp\/v2\/media\/18014"}],"wp:attachment":[{"href":"https:\/\/a3noticias.com.mx\/sandbox\/wp-json\/wp\/v2\/media?parent=20278"}],"wp:term":[{"taxonomy":"category","embeddable":true,"href":"https:\/\/a3noticias.com.mx\/sandbox\/wp-json\/wp\/v2\/categories?post=20278"},{"taxonomy":"post_tag","embeddable":true,"href":"https:\/\/a3noticias.com.mx\/sandbox\/wp-json\/wp\/v2\/tags?post=20278"}],"curies":[{"name":"wp","href":"https:\/\/api.w.org\/{rel}","templated":true}]}}