{"id":20283,"date":"2022-04-19T12:57:02","date_gmt":"2022-04-19T17:57:02","guid":{"rendered":"https:\/\/a3noticias.com.mx\/sandbox\/?p=20283"},"modified":"2022-04-19T12:57:04","modified_gmt":"2022-04-19T17:57:04","slug":"queretaro-tuvo-derrama-economica-de-350-mdp-durante-semana-santa-canaco","status":"publish","type":"post","link":"https:\/\/a3noticias.com.mx\/sandbox\/2022\/04\/19\/queretaro-tuvo-derrama-economica-de-350-mdp-durante-semana-santa-canaco\/","title":{"rendered":"Quer\u00e9taro tuvo derrama econ\u00f3mica de 350 mdp durante Semana Santa: Canaco."},"content":{"rendered":"\n<p>Fabi\u00e1n Camacho Arredondo, presidente de la C\u00e1mara Nacional de Comercio (Canaco) Quer\u00e9taro, inform\u00f3 que durante la primera semana vacacional se ha reportado una derrama econ\u00f3mica de 350 millones de pesos.&nbsp;<\/p>\n\n\n\n<p>Poco m\u00e1s de la mitad de lo que el sector tur\u00edstico de Quer\u00e9taro ten\u00eda contemplado como m\u00ednimo durante las dos semanas de vacaciones, que era una derrama econ\u00f3mica superior a los 600 millones de pesos.<\/p>\n\n\n\n<blockquote class=\"wp-block-quote is-layout-flow wp-block-quote-is-layout-flow\"><p>\u201cAl menos vamos a un ritmo positivo, no se ha detectado que el consumo est\u00e9 disminuyendo y creemos que vale mucho las fechas para dinamizar el consumo\u201d.\u00a0<\/p><\/blockquote>\n\n\n\n<p>Camacho Arredondo se\u00f1al\u00f3 que en el \u00e1mbito hotelero la ocupaci\u00f3n lleg\u00f3 al 80 por ciento durante la Semana Santa y resalt\u00f3 que se espera que en todas las vacaciones tenga una ocupaci\u00f3n cercana al 70 por en promedio general.<\/p>\n\n\n\n<blockquote class=\"wp-block-quote is-layout-flow wp-block-quote-is-layout-flow\"><p>\u201cEn promedio estamos pronosticado que las dos semanas, Semana Santa y Semana de Pascua tenga una ocupaci\u00f3n cercana al 70 por en promedio general, lo cual nos mantiene por arriba de lo que hab\u00edamos venido teniendo en los \u00faltimos meses\u201d.\u00a0<\/p><\/blockquote>\n","protected":false},"excerpt":{"rendered":"<p>Fabi\u00e1n Camacho Arredondo, presidente de la C\u00e1mara Nacional de Comercio (Canaco) Quer\u00e9taro, inform\u00f3 que durante la primera semana vacacional se ha reportado una derrama econ\u00f3mica de 350 millones de pesos.&nbsp; &hellip; <a href=\"https:\/\/a3noticias.com.mx\/sandbox\/2022\/04\/19\/queretaro-tuvo-derrama-economica-de-350-mdp-durante-semana-santa-canaco\/\" class=\"more-link\">Leer m\u00e1s<\/a><\/p>\n","protected":false},"author":2,"featured_media":19083,"comment_status":"open","ping_status":"open","sticky":false,"template":"","format":"standard","meta":{"_monsterinsights_skip_tracking":false,"_monsterinsights_sitenote_active":false,"_monsterinsights_sitenote_note":"","_monsterinsights_sitenote_category":0,"footnotes":""},"categories":[1],"tags":[],"class_list":["post-20283","post","type-post","status-publish","format-standard","has-post-thumbnail","hentry","category-uncategorized","entry"],"aioseo_notices":[],"_links":{"self":[{"href":"https:\/\/a3noticias.com.mx\/sandbox\/wp-json\/wp\/v2\/posts\/20283","targetHints":{"allow":["GET"]}}],"collection":[{"href":"https:\/\/a3noticias.com.mx\/sandbox\/wp-json\/wp\/v2\/posts"}],"about":[{"href":"https:\/\/a3noticias.com.mx\/sandbox\/wp-json\/wp\/v2\/types\/post"}],"author":[{"embeddable":true,"href":"https:\/\/a3noticias.com.mx\/sandbox\/wp-json\/wp\/v2\/users\/2"}],"replies":[{"embeddable":true,"href":"https:\/\/a3noticias.com.mx\/sandbox\/wp-json\/wp\/v2\/comments?post=20283"}],"version-history":[{"count":1,"href":"https:\/\/a3noticias.com.mx\/sandbox\/wp-json\/wp\/v2\/posts\/20283\/revisions"}],"predecessor-version":[{"id":20284,"href":"https:\/\/a3noticias.com.mx\/sandbox\/wp-json\/wp\/v2\/posts\/20283\/revisions\/20284"}],"wp:featuredmedia":[{"embeddable":true,"href":"https:\/\/a3noticias.com.mx\/sandbox\/wp-json\/wp\/v2\/media\/19083"}],"wp:attachment":[{"href":"https:\/\/a3noticias.com.mx\/sandbox\/wp-json\/wp\/v2\/media?parent=20283"}],"wp:term":[{"taxonomy":"category","embeddable":true,"href":"https:\/\/a3noticias.com.mx\/sandbox\/wp-json\/wp\/v2\/categories?post=20283"},{"taxonomy":"post_tag","embeddable":true,"href":"https:\/\/a3noticias.com.mx\/sandbox\/wp-json\/wp\/v2\/tags?post=20283"}],"curies":[{"name":"wp","href":"https:\/\/api.w.org\/{rel}","templated":true}]}}