{"id":20288,"date":"2022-04-19T14:26:59","date_gmt":"2022-04-19T19:26:59","guid":{"rendered":"https:\/\/a3noticias.com.mx\/sandbox\/?p=20288"},"modified":"2022-04-19T14:27:00","modified_gmt":"2022-04-19T19:27:00","slug":"festival-internacional-queretaro-experimental-tomara-las-calles-de-la-capital","status":"publish","type":"post","link":"https:\/\/a3noticias.com.mx\/sandbox\/2022\/04\/19\/festival-internacional-queretaro-experimental-tomara-las-calles-de-la-capital\/","title":{"rendered":"Festival Internacional Quer\u00e9taro Experimental tomar\u00e1 las calles de la capital."},"content":{"rendered":"\n<p>El presidente municipal de Quer\u00e9taro, Luis Bernardo Nava, present\u00f3 en la Ciudad de M\u00e9xico el Festival Internacional Quer\u00e9taro Experimental, con el cual se busca posicionar a la capital del estado como el epicentro de la cultura en el pa\u00eds.<\/p>\n\n\n\n<p>Quer\u00e9taro Experimental se llevar\u00e1 a cabo durante 19 s\u00e1bados, comenzando el 23 abril hasta el 27 agosto, donde se contar\u00e1 con la participaci\u00f3n de 142 eventos de m\u00fasica, danza y teatro, que estar\u00e1n a cargo de m\u00e1s de 100 artistas nacionales e internacionales.<\/p>\n\n\n\n<blockquote class=\"wp-block-quote is-layout-flow wp-block-quote-is-layout-flow\"><p>\u201cQue Quer\u00e9taro sea el sitio donde pueda haber una convergencia de las diferentes expresiones art\u00edsticas, que sea un lugar vivo y de experiencias con la primera edici\u00f3n del Festival Quer\u00e9taro Experimental\u201d.<\/p><\/blockquote>\n\n\n\n<p>Las calles que ser\u00e1n tomadas por el festival ser\u00e1n los&nbsp; andadores Carranza, 5 de Mayo y Madero; adem\u00e1s de que se colocar\u00e1n tres escenarios permanentes en plaza Fundadores para eventos de m\u00fasica, Jard\u00edn Zenea para eventos de danza y el Jard\u00edn Guerrero para obras de teatro<\/p>\n\n\n\n<blockquote class=\"wp-block-quote is-layout-flow wp-block-quote-is-layout-flow\"><p>\u201cLos escenarios fueron dise\u00f1ados y creados por j\u00f3venes de diferentes universidades, con materiales reciclados\u201d<\/p><\/blockquote>\n\n\n\n<p>Teresa Garc\u00eda Besn\u00e9, secretaria de cultura, detall\u00f3 que los objetivos del festival son el uso de las calles como centro de convergencia, el uso de tecnolog\u00edas aplicadas al arte, duraci\u00f3n de los festejos y variedad de contenidos para todo p\u00fablico.<\/p>\n\n\n\n<p>En ese sentido, se espera una reactivaci\u00f3n econ\u00f3mica tras la pandemia, pues podr\u00e1n acudir personas de todo el pa\u00eds.<\/p>\n","protected":false},"excerpt":{"rendered":"<p>El presidente municipal de Quer\u00e9taro, Luis Bernardo Nava, present\u00f3 en la Ciudad de M\u00e9xico el Festival Internacional Quer\u00e9taro Experimental, con el cual se busca posicionar a la capital del estado &hellip; <a href=\"https:\/\/a3noticias.com.mx\/sandbox\/2022\/04\/19\/festival-internacional-queretaro-experimental-tomara-las-calles-de-la-capital\/\" class=\"more-link\">Leer m\u00e1s<\/a><\/p>\n","protected":false},"author":2,"featured_media":20289,"comment_status":"open","ping_status":"open","sticky":false,"template":"","format":"standard","meta":{"_monsterinsights_skip_tracking":false,"_monsterinsights_sitenote_active":false,"_monsterinsights_sitenote_note":"","_monsterinsights_sitenote_category":0,"footnotes":""},"categories":[2],"tags":[],"class_list":["post-20288","post","type-post","status-publish","format-standard","has-post-thumbnail","hentry","category-qro","entry"],"aioseo_notices":[],"_links":{"self":[{"href":"https:\/\/a3noticias.com.mx\/sandbox\/wp-json\/wp\/v2\/posts\/20288","targetHints":{"allow":["GET"]}}],"collection":[{"href":"https:\/\/a3noticias.com.mx\/sandbox\/wp-json\/wp\/v2\/posts"}],"about":[{"href":"https:\/\/a3noticias.com.mx\/sandbox\/wp-json\/wp\/v2\/types\/post"}],"author":[{"embeddable":true,"href":"https:\/\/a3noticias.com.mx\/sandbox\/wp-json\/wp\/v2\/users\/2"}],"replies":[{"embeddable":true,"href":"https:\/\/a3noticias.com.mx\/sandbox\/wp-json\/wp\/v2\/comments?post=20288"}],"version-history":[{"count":1,"href":"https:\/\/a3noticias.com.mx\/sandbox\/wp-json\/wp\/v2\/posts\/20288\/revisions"}],"predecessor-version":[{"id":20290,"href":"https:\/\/a3noticias.com.mx\/sandbox\/wp-json\/wp\/v2\/posts\/20288\/revisions\/20290"}],"wp:featuredmedia":[{"embeddable":true,"href":"https:\/\/a3noticias.com.mx\/sandbox\/wp-json\/wp\/v2\/media\/20289"}],"wp:attachment":[{"href":"https:\/\/a3noticias.com.mx\/sandbox\/wp-json\/wp\/v2\/media?parent=20288"}],"wp:term":[{"taxonomy":"category","embeddable":true,"href":"https:\/\/a3noticias.com.mx\/sandbox\/wp-json\/wp\/v2\/categories?post=20288"},{"taxonomy":"post_tag","embeddable":true,"href":"https:\/\/a3noticias.com.mx\/sandbox\/wp-json\/wp\/v2\/tags?post=20288"}],"curies":[{"name":"wp","href":"https:\/\/api.w.org\/{rel}","templated":true}]}}