{"id":20300,"date":"2022-04-19T19:23:51","date_gmt":"2022-04-20T00:23:51","guid":{"rendered":"https:\/\/a3noticias.com.mx\/sandbox\/?p=20300"},"modified":"2022-04-19T19:23:53","modified_gmt":"2022-04-20T00:23:53","slug":"habra-festejo-por-declaratoria-de-gallo-monumental","status":"publish","type":"post","link":"https:\/\/a3noticias.com.mx\/sandbox\/2022\/04\/19\/habra-festejo-por-declaratoria-de-gallo-monumental\/","title":{"rendered":"Habr\u00e1 festejo por declaratoria de Gallo Monumental"},"content":{"rendered":"\n<p>Este pr\u00f3ximo 29 de abril, se llevar\u00e1 a cabo la celebraci\u00f3n de la declaratoria del Gallo Monumental como patrimonio cultural e inmaterial de Quer\u00e9taro,&nbsp;en alianza con los pueblos de H\u00e9rcules y la Ca\u00f1ada,&nbsp;el cual contar\u00e1 con diversos festejos y presentaciones art\u00edsticas, inform\u00f3 el Vicario de la Di\u00f3cesis de Quer\u00e9taro, Martin Lara Becerril.<\/p>\n\n\n\n<p>Detall\u00f3 que desde el 26 de enero de este a\u00f1o, el gobernador Mauricio Kuri firm\u00f3 la declaratoria de Patrimonio Cultural e Inmaterial del estado de Quer\u00e9taro, en el Palacio de la Corregidora, por lo que se unir\u00e1n estas dos zonas para conmemorar dicho suceso.<\/p>\n\n\n\n<p>La di\u00f3cesis de Quer\u00e9taro acot\u00f3 que este evento unifica desde 2014 a las comunidades de H\u00e9rcules y La Ca\u00f1ada, que a\u00f1o con a\u00f1o llevan a cabo sus propios festejos, sin embargo, a partir de este 2022, cada 29 de octubre se mantendr\u00e1 de manera conjunta el Gallo Monumental, el cual por \u00fanica ocasi\u00f3n este a\u00f1o, se realizar\u00e1 este 29 de abril.<\/p>\n\n\n\n<blockquote class=\"wp-block-quote is-layout-flow wp-block-quote-is-layout-flow\"><p>\u00abDesde el 6 de febrero de 2014 decidimos unir la fuerza de dos pueblos. El pueblo de H\u00e9rcules y el pueblo de La Ca\u00f1ada para formar una experiencia \u00fanica. Hay que recordar que el Gallo tiene much\u00edsimos a\u00f1os de tradici\u00f3n en las v\u00edsperas de las fiestas patronales\u00bb, manifest\u00f3.\u00a0<\/p><\/blockquote>\n\n\n\n<p>Indic\u00f3 que el recorrido del Gallo Monumental, dar\u00e1 inicio a las 18:00 horas con la salida de los dos contingentes de H\u00e9rcules y la Ca\u00f1ada, los cuales se dirigir\u00e1n rumbo a la explanada del Pan de Dulce donde se colocar\u00e1 un Gallo de cantera de 3 metros de altura, elaborado por un artesano local con cantera de La Ca\u00f1ada.<\/p>\n\n\n\n<p>Posteriormente en las calles de la zona, se llevar\u00e1 a cabo \u00e1 la tradicional entrega de comida a los visitantes.<\/p>\n\n\n\n<p>El evento contar\u00e1 con presentaciones de danza, artesan\u00edas, as\u00ed como con la intervenci\u00f3n coral de Voces del Marqu\u00e9s, quienes cantar\u00e1n para cerrar con broche de oro el evento en punto de las 8 de la noche, en la explanada del Pan de Dulce.<\/p>\n","protected":false},"excerpt":{"rendered":"<p>Este pr\u00f3ximo 29 de abril, se llevar\u00e1 a cabo la celebraci\u00f3n de la declaratoria del Gallo Monumental como patrimonio cultural e inmaterial de Quer\u00e9taro,&nbsp;en alianza con los pueblos de H\u00e9rcules &hellip; <a href=\"https:\/\/a3noticias.com.mx\/sandbox\/2022\/04\/19\/habra-festejo-por-declaratoria-de-gallo-monumental\/\" class=\"more-link\">Leer m\u00e1s<\/a><\/p>\n","protected":false},"author":4,"featured_media":20301,"comment_status":"open","ping_status":"open","sticky":false,"template":"","format":"standard","meta":{"_monsterinsights_skip_tracking":false,"_monsterinsights_sitenote_active":false,"_monsterinsights_sitenote_note":"","_monsterinsights_sitenote_category":0,"footnotes":""},"categories":[2],"tags":[],"class_list":["post-20300","post","type-post","status-publish","format-standard","has-post-thumbnail","hentry","category-qro","entry"],"aioseo_notices":[],"_links":{"self":[{"href":"https:\/\/a3noticias.com.mx\/sandbox\/wp-json\/wp\/v2\/posts\/20300","targetHints":{"allow":["GET"]}}],"collection":[{"href":"https:\/\/a3noticias.com.mx\/sandbox\/wp-json\/wp\/v2\/posts"}],"about":[{"href":"https:\/\/a3noticias.com.mx\/sandbox\/wp-json\/wp\/v2\/types\/post"}],"author":[{"embeddable":true,"href":"https:\/\/a3noticias.com.mx\/sandbox\/wp-json\/wp\/v2\/users\/4"}],"replies":[{"embeddable":true,"href":"https:\/\/a3noticias.com.mx\/sandbox\/wp-json\/wp\/v2\/comments?post=20300"}],"version-history":[{"count":1,"href":"https:\/\/a3noticias.com.mx\/sandbox\/wp-json\/wp\/v2\/posts\/20300\/revisions"}],"predecessor-version":[{"id":20302,"href":"https:\/\/a3noticias.com.mx\/sandbox\/wp-json\/wp\/v2\/posts\/20300\/revisions\/20302"}],"wp:featuredmedia":[{"embeddable":true,"href":"https:\/\/a3noticias.com.mx\/sandbox\/wp-json\/wp\/v2\/media\/20301"}],"wp:attachment":[{"href":"https:\/\/a3noticias.com.mx\/sandbox\/wp-json\/wp\/v2\/media?parent=20300"}],"wp:term":[{"taxonomy":"category","embeddable":true,"href":"https:\/\/a3noticias.com.mx\/sandbox\/wp-json\/wp\/v2\/categories?post=20300"},{"taxonomy":"post_tag","embeddable":true,"href":"https:\/\/a3noticias.com.mx\/sandbox\/wp-json\/wp\/v2\/tags?post=20300"}],"curies":[{"name":"wp","href":"https:\/\/api.w.org\/{rel}","templated":true}]}}