{"id":20308,"date":"2022-04-20T10:53:32","date_gmt":"2022-04-20T15:53:32","guid":{"rendered":"https:\/\/a3noticias.com.mx\/sandbox\/?p=20308"},"modified":"2022-04-20T10:53:34","modified_gmt":"2022-04-20T15:53:34","slug":"queretaro-sede-del-tourism-and-society-think-tank","status":"publish","type":"post","link":"https:\/\/a3noticias.com.mx\/sandbox\/2022\/04\/20\/queretaro-sede-del-tourism-and-society-think-tank\/","title":{"rendered":"Quer\u00e9taro sede del Tourism and Society Think Tank."},"content":{"rendered":"\n<p><\/p>\n\n\n\n<p>Quer\u00e9taro recibir\u00e1 a expertos internacionales en materia tur\u00edstica, con la finalidad de debatir sobre los nuevos retos y oportunidades del sector a nivel mundial, en el foro Tourism and Society Think Tank: Nuevas tendencias internacionales para llevar el turismo al siguiente nivel\u201d.<\/p>\n\n\n\n<p>El encuentro es organizado por la Secretar\u00eda de Turismo del estado, donde se propondr\u00e1n estrategias de adaptaci\u00f3n e impulso con base en los lineamientos de la Agenda 2030 de la Organizaci\u00f3n de las Naciones Unidas y tiene como objetivo exponer ante el sector tur\u00edstico local, una visi\u00f3n global en torno al desarrollo de este tema y su incidencia social en los destinos.&nbsp;<\/p>\n\n\n\n<p>Los expertos compartir\u00e1n casos de \u00e9xito y propuestas innovadoras que ayuden a la recuperaci\u00f3n del sector ante la pandemia y los retos de actualidad, as\u00ed como sesiones de networking con los asistentes.<\/p>\n\n\n\n<p>&nbsp;El \u201cTourism and Society Think Tank: Nuevas tendencias internacionales para llevar el turismo al siguiente nivel\u201d est\u00e1 dirigido a todo el sector tur\u00edstico del estado de Quer\u00e9taro y al p\u00fablico interesado, no tendr\u00e1 ning\u00fan costo, \u00fanicamente se deber\u00e1 reservar la asistencia;&nbsp; tendr\u00e1 como sede el Quer\u00e9taro Centro de Congresos, donde participar\u00e1n ponentes de talla mundial, tales como:<\/p>\n\n\n\n<p>\u2022 Oscar Rueda Garc\u00eda, presidente del Banco de Desarrollo de Am\u00e9rica Latina-CAF.<\/p>\n\n\n\n<p>\u2022 Amora Carbajal Schumacher, presidenta ejecutiva de la Comisi\u00f3n de Promoci\u00f3n de Per\u00fa para la Exportaci\u00f3n y el Turismo PROMPER\u00da<\/p>\n\n\n\n<p>\u2022 Maximiliano Mauvec\u00edn, secretario general de la Federaci\u00f3n Sudamericana de Turismo<\/p>\n\n\n\n<p>\u2022 Jos\u00e9 Carlos Santiago, presidente y fundador de Grupo Excelencias (Agencia de comunicaci\u00f3n de Turismo y Gastronom\u00eda en Latinoam\u00e9rica y el Caribe) y vicepresidente de la Academia Iberoamericana de Gastronom\u00eda.<\/p>\n\n\n\n<p>\u2022 Juan Francisco Maqueda, fundador de la agencia de marketing integrado LATAM ONE FULL AGENCY.<\/p>\n\n\n\n<p>\u2022 Jos\u00e9 Antonio Vidal, presidente de la Organizaci\u00f3n Mundial de Enoturismo.<\/p>\n\n\n\n<p>\u2022 Antonio Santos del Valle, vicepresidente de la Junta de Miembros Afiliados de la Organizaci\u00f3n Mundial de Turismo y director fundador de Wanderlust.<\/p>\n\n\n\n<p>\u2022 Inmaculada Benito, directora del Departamento de Turismo, Cultura y Deporte de la Confederaci\u00f3n Espa\u00f1ola de Organizaciones Empresariales.<\/p>\n\n\n\n<p>\u2022 Antonio Rold\u00e1n Ponce, catedr\u00e1tico de la Universidad de Ciencias Aplicadas de Dresden (Alemania) y Asesor Internacional de Turismo,<\/p>\n\n\n\n<p>\u2022 Jos\u00e9 Ram\u00f3n Bauza, miembro del Parlamento Europeo; portavoz de Renew Europa en la Comisi\u00f3n de Transportes y Turismo del Parlamento Europeo.<\/p>\n\n\n\n<p>Para reservar la asistencia, podr\u00e1 hacerse dando click en el siguiente enlace: https:\/\/docs.google.com\/forms\/d\/e\/1FAIpQLSdjCFiUXYviILUsjX8RYbFAxPkyvxzxJDHYEqX31fQ0Z64jFQ\/viewform?usp=pp_url<\/p>\n\n\n\n<p>Este evento, surge como resultado de las acciones realizadas por la Secretar\u00eda de Turismo de Quer\u00e9taro en la pasada Feria Internacional de Turismo de Madrid, en febrero de este a\u00f1o; y coloca a Quer\u00e9taro en el centro del debate internacional en la materia.<\/p>\n","protected":false},"excerpt":{"rendered":"<p>Quer\u00e9taro recibir\u00e1 a expertos internacionales en materia tur\u00edstica, con la finalidad de debatir sobre los nuevos retos y oportunidades del sector a nivel mundial, en el foro Tourism and Society &hellip; <a href=\"https:\/\/a3noticias.com.mx\/sandbox\/2022\/04\/20\/queretaro-sede-del-tourism-and-society-think-tank\/\" class=\"more-link\">Leer m\u00e1s<\/a><\/p>\n","protected":false},"author":2,"featured_media":20309,"comment_status":"open","ping_status":"open","sticky":false,"template":"","format":"standard","meta":{"_monsterinsights_skip_tracking":false,"_monsterinsights_sitenote_active":false,"_monsterinsights_sitenote_note":"","_monsterinsights_sitenote_category":0,"footnotes":""},"categories":[2],"tags":[],"class_list":["post-20308","post","type-post","status-publish","format-standard","has-post-thumbnail","hentry","category-qro","entry"],"aioseo_notices":[],"_links":{"self":[{"href":"https:\/\/a3noticias.com.mx\/sandbox\/wp-json\/wp\/v2\/posts\/20308","targetHints":{"allow":["GET"]}}],"collection":[{"href":"https:\/\/a3noticias.com.mx\/sandbox\/wp-json\/wp\/v2\/posts"}],"about":[{"href":"https:\/\/a3noticias.com.mx\/sandbox\/wp-json\/wp\/v2\/types\/post"}],"author":[{"embeddable":true,"href":"https:\/\/a3noticias.com.mx\/sandbox\/wp-json\/wp\/v2\/users\/2"}],"replies":[{"embeddable":true,"href":"https:\/\/a3noticias.com.mx\/sandbox\/wp-json\/wp\/v2\/comments?post=20308"}],"version-history":[{"count":1,"href":"https:\/\/a3noticias.com.mx\/sandbox\/wp-json\/wp\/v2\/posts\/20308\/revisions"}],"predecessor-version":[{"id":20310,"href":"https:\/\/a3noticias.com.mx\/sandbox\/wp-json\/wp\/v2\/posts\/20308\/revisions\/20310"}],"wp:featuredmedia":[{"embeddable":true,"href":"https:\/\/a3noticias.com.mx\/sandbox\/wp-json\/wp\/v2\/media\/20309"}],"wp:attachment":[{"href":"https:\/\/a3noticias.com.mx\/sandbox\/wp-json\/wp\/v2\/media?parent=20308"}],"wp:term":[{"taxonomy":"category","embeddable":true,"href":"https:\/\/a3noticias.com.mx\/sandbox\/wp-json\/wp\/v2\/categories?post=20308"},{"taxonomy":"post_tag","embeddable":true,"href":"https:\/\/a3noticias.com.mx\/sandbox\/wp-json\/wp\/v2\/tags?post=20308"}],"curies":[{"name":"wp","href":"https:\/\/api.w.org\/{rel}","templated":true}]}}