{"id":20311,"date":"2022-04-20T12:19:38","date_gmt":"2022-04-20T17:19:38","guid":{"rendered":"https:\/\/a3noticias.com.mx\/sandbox\/?p=20311"},"modified":"2022-04-20T12:19:40","modified_gmt":"2022-04-20T17:19:40","slug":"la-feria-nacional-del-queso-y-el-vino-revelo-su-cartelera-de-artistas","status":"publish","type":"post","link":"https:\/\/a3noticias.com.mx\/sandbox\/2022\/04\/20\/la-feria-nacional-del-queso-y-el-vino-revelo-su-cartelera-de-artistas\/","title":{"rendered":"La Feria Nacional del Queso y el Vino revel\u00f3 su cartelera de artistas."},"content":{"rendered":"\n<p>La Feria Nacional del Queso y el Vino, como cada edici\u00f3n, contar\u00e1 con diversas casas productoras de vino y queso de todo el pa\u00eds, por lo que el sabor, la m\u00fasica y la diversi\u00f3n seguir\u00e1n siendo la caracter\u00edstica de este fest\u00edn.<\/p>\n\n\n\n<p>Luego de que hace un mes se diera a conocer el regreso de la Feria, recientemente anunciaron a los artistas que engalanar\u00e1n la 42 edici\u00f3n, la cual se celebrar\u00e1 durante tres fines de semana a partir del 20 de mayo:<\/p>\n\n\n\n<p>Kapsula (21 de mayo), Gabriel C (22 de mayo), Matisse (27 de mayo), Koktel (28 de mayo), Karina Catal\u00e1n (29 de mayo), Nohe (3 de junio), DJ Ricardo Mu\u00f1oz (4 de junio), Show El Divo y m\u00e1s: Imitador de Juan Gabriel (5 de junio).<\/p>\n\n\n\n<p>La Feria Nacional del Queso&nbsp; y el Vino es un referente del municipio de Tequisquiapan y, en general del estado de Quer\u00e9taro, en la cual se conjunta la m\u00fasica, cultura y gastronom\u00eda; adem\u00e1s esta es la primera edici\u00f3n luego de una larga ausencia debido a la pandemia por Covid-19.<\/p>\n\n\n\n<p>Los boletos para los tres fines de semana del 20 de mayo al 5 de junio ya est\u00e1n disponibles a trav\u00e9s del sistema Boletia, tienen un costo de acceso general de $250.<\/p>\n","protected":false},"excerpt":{"rendered":"<p>La Feria Nacional del Queso y el Vino, como cada edici\u00f3n, contar\u00e1 con diversas casas productoras de vino y queso de todo el pa\u00eds, por lo que el sabor, la &hellip; <a href=\"https:\/\/a3noticias.com.mx\/sandbox\/2022\/04\/20\/la-feria-nacional-del-queso-y-el-vino-revelo-su-cartelera-de-artistas\/\" class=\"more-link\">Leer m\u00e1s<\/a><\/p>\n","protected":false},"author":2,"featured_media":19677,"comment_status":"open","ping_status":"open","sticky":false,"template":"","format":"standard","meta":{"_monsterinsights_skip_tracking":false,"_monsterinsights_sitenote_active":false,"_monsterinsights_sitenote_note":"","_monsterinsights_sitenote_category":0,"footnotes":""},"categories":[13,2],"tags":[],"class_list":["post-20311","post","type-post","status-publish","format-standard","has-post-thumbnail","hentry","category-entretenimiento","category-qro","entry"],"aioseo_notices":[],"_links":{"self":[{"href":"https:\/\/a3noticias.com.mx\/sandbox\/wp-json\/wp\/v2\/posts\/20311","targetHints":{"allow":["GET"]}}],"collection":[{"href":"https:\/\/a3noticias.com.mx\/sandbox\/wp-json\/wp\/v2\/posts"}],"about":[{"href":"https:\/\/a3noticias.com.mx\/sandbox\/wp-json\/wp\/v2\/types\/post"}],"author":[{"embeddable":true,"href":"https:\/\/a3noticias.com.mx\/sandbox\/wp-json\/wp\/v2\/users\/2"}],"replies":[{"embeddable":true,"href":"https:\/\/a3noticias.com.mx\/sandbox\/wp-json\/wp\/v2\/comments?post=20311"}],"version-history":[{"count":1,"href":"https:\/\/a3noticias.com.mx\/sandbox\/wp-json\/wp\/v2\/posts\/20311\/revisions"}],"predecessor-version":[{"id":20312,"href":"https:\/\/a3noticias.com.mx\/sandbox\/wp-json\/wp\/v2\/posts\/20311\/revisions\/20312"}],"wp:featuredmedia":[{"embeddable":true,"href":"https:\/\/a3noticias.com.mx\/sandbox\/wp-json\/wp\/v2\/media\/19677"}],"wp:attachment":[{"href":"https:\/\/a3noticias.com.mx\/sandbox\/wp-json\/wp\/v2\/media?parent=20311"}],"wp:term":[{"taxonomy":"category","embeddable":true,"href":"https:\/\/a3noticias.com.mx\/sandbox\/wp-json\/wp\/v2\/categories?post=20311"},{"taxonomy":"post_tag","embeddable":true,"href":"https:\/\/a3noticias.com.mx\/sandbox\/wp-json\/wp\/v2\/tags?post=20311"}],"curies":[{"name":"wp","href":"https:\/\/api.w.org\/{rel}","templated":true}]}}