{"id":20313,"date":"2022-04-20T12:49:51","date_gmt":"2022-04-20T17:49:51","guid":{"rendered":"https:\/\/a3noticias.com.mx\/sandbox\/?p=20313"},"modified":"2022-04-20T12:49:52","modified_gmt":"2022-04-20T17:49:52","slug":"con-la-finalidad-de-disminuir-violencia-contra-mujeres-iqm-y-feministas-sostienen-reunion","status":"publish","type":"post","link":"https:\/\/a3noticias.com.mx\/sandbox\/2022\/04\/20\/con-la-finalidad-de-disminuir-violencia-contra-mujeres-iqm-y-feministas-sostienen-reunion\/","title":{"rendered":"Con la finalidad de disminuir violencia contra mujeres, IQM y feministas sostienen reuni\u00f3n."},"content":{"rendered":"\n<p>Marisol Kuri,&nbsp; directora del Instituto Queretano de las Mujeres (IQM), sostuvo una reuni\u00f3n con colectivos feministas, representantes de la sociedad civil organizada y acad\u00e9mica con el objetivo de dar a conocer que se est\u00e1n preparando acciones para incidir en la disminuci\u00f3n de la violencia contra las mujeres.<\/p>\n\n\n\n<blockquote class=\"wp-block-quote is-layout-flow wp-block-quote-is-layout-flow\"><p>\u201cLes compartimos lo que son las metas del presupuesto federal que tenemos para que desde todas las voces escuchemos las propuestas y tengamos una incidencia real en el cambio de su calidad de vida\u201d.<\/p><\/blockquote>\n\n\n\n<p>Se\u00f1al\u00f3 que los programas est\u00e1n relacionados con la capacitaci\u00f3n especializada de profesionistas que brindan atenci\u00f3n, as\u00ed como fortalecer la cultura de la prevenci\u00f3n de la violencia contra las mujeres a trav\u00e9s de acciones l\u00fadicas; adem\u00e1s del reforzamineto de las estrategias para coadyuvar en la erradicaci\u00f3n del embarazo infantil.<\/p>\n\n\n\n<p>Las participantes aportaron opiniones respecto a los programas y acciones; se\u00f1alaron que cada quien desde su trinchera debe aportar en beneficio de las mujeres. Por su parte, Marisol Kuri, se\u00f1al\u00f3 que continuar\u00e1 llevando a cabo este tipo de ejercicios para conocer las diferentes opiniones de los sectores y as\u00ed llevar a Quer\u00e9taro al siguiente nivel en materia de igualdad sustantiva, respeto a los derechos humanos y el trabajo con perspectiva de g\u00e9nero.<\/p>\n\n\n\n<p>Se cont\u00f3 con la participaci\u00f3n de la rectora de la Universidad Aut\u00f3noma de Quer\u00e9taro (UAQ), Teresa Garc\u00eda Gasca, la coordinadora general del Centro de Justicia para las Mujeres, Miriam Gonz\u00e1lez Serrano, entre otras personalidades.<\/p>\n","protected":false},"excerpt":{"rendered":"<p>Marisol Kuri,&nbsp; directora del Instituto Queretano de las Mujeres (IQM), sostuvo una reuni\u00f3n con colectivos feministas, representantes de la sociedad civil organizada y acad\u00e9mica con el objetivo de dar a &hellip; <a href=\"https:\/\/a3noticias.com.mx\/sandbox\/2022\/04\/20\/con-la-finalidad-de-disminuir-violencia-contra-mujeres-iqm-y-feministas-sostienen-reunion\/\" class=\"more-link\">Leer m\u00e1s<\/a><\/p>\n","protected":false},"author":2,"featured_media":20314,"comment_status":"open","ping_status":"open","sticky":false,"template":"","format":"standard","meta":{"_monsterinsights_skip_tracking":false,"_monsterinsights_sitenote_active":false,"_monsterinsights_sitenote_note":"","_monsterinsights_sitenote_category":0,"footnotes":""},"categories":[2],"tags":[],"class_list":["post-20313","post","type-post","status-publish","format-standard","has-post-thumbnail","hentry","category-qro","entry"],"aioseo_notices":[],"_links":{"self":[{"href":"https:\/\/a3noticias.com.mx\/sandbox\/wp-json\/wp\/v2\/posts\/20313","targetHints":{"allow":["GET"]}}],"collection":[{"href":"https:\/\/a3noticias.com.mx\/sandbox\/wp-json\/wp\/v2\/posts"}],"about":[{"href":"https:\/\/a3noticias.com.mx\/sandbox\/wp-json\/wp\/v2\/types\/post"}],"author":[{"embeddable":true,"href":"https:\/\/a3noticias.com.mx\/sandbox\/wp-json\/wp\/v2\/users\/2"}],"replies":[{"embeddable":true,"href":"https:\/\/a3noticias.com.mx\/sandbox\/wp-json\/wp\/v2\/comments?post=20313"}],"version-history":[{"count":1,"href":"https:\/\/a3noticias.com.mx\/sandbox\/wp-json\/wp\/v2\/posts\/20313\/revisions"}],"predecessor-version":[{"id":20315,"href":"https:\/\/a3noticias.com.mx\/sandbox\/wp-json\/wp\/v2\/posts\/20313\/revisions\/20315"}],"wp:featuredmedia":[{"embeddable":true,"href":"https:\/\/a3noticias.com.mx\/sandbox\/wp-json\/wp\/v2\/media\/20314"}],"wp:attachment":[{"href":"https:\/\/a3noticias.com.mx\/sandbox\/wp-json\/wp\/v2\/media?parent=20313"}],"wp:term":[{"taxonomy":"category","embeddable":true,"href":"https:\/\/a3noticias.com.mx\/sandbox\/wp-json\/wp\/v2\/categories?post=20313"},{"taxonomy":"post_tag","embeddable":true,"href":"https:\/\/a3noticias.com.mx\/sandbox\/wp-json\/wp\/v2\/tags?post=20313"}],"curies":[{"name":"wp","href":"https:\/\/api.w.org\/{rel}","templated":true}]}}