{"id":20319,"date":"2022-04-20T13:49:02","date_gmt":"2022-04-20T18:49:02","guid":{"rendered":"https:\/\/a3noticias.com.mx\/sandbox\/?p=20319"},"modified":"2022-04-20T13:49:02","modified_gmt":"2022-04-20T18:49:02","slug":"se-busca-regulacion-de-cuatrimotos-y-racer-en-la-sierra-gorda-sedesu","status":"publish","type":"post","link":"https:\/\/a3noticias.com.mx\/sandbox\/2022\/04\/20\/se-busca-regulacion-de-cuatrimotos-y-racer-en-la-sierra-gorda-sedesu\/","title":{"rendered":"Se busca regulaci\u00f3n de cuatrimotos y racer en la Sierra Gorda: SEDESU."},"content":{"rendered":"\n<p>Marco Antonio del Prete Tercero, Secretario de Desarrollo Sustentable (Sedesu), exhort\u00f3 a la regulaci\u00f3n del uso de cuatrimotos y de autos tipo racer en la Sierra Gorda para garantizar el cuidado del medioambiente.<\/p>\n\n\n\n<p>Esto ante las denuncias de ambientalistas por la llegada de estos veh\u00edculos, pues han afectado las zonas naturales, principalmente en la zona del R\u00edo Extoraz; pues adem\u00e1s la contaminaci\u00f3n que generan estos veh\u00edculos tambi\u00e9n podr\u00edan afectar la salud de las personas que habitan en esas \u00e1reas.<\/p>\n\n\n\n<p>En ese sentido, el titular de Sedesu se\u00f1al\u00f3 que la dependencia convoc\u00f3 a una reuni\u00f3n con Semarnat, Profepa, Reserva de la Bi\u00f3sfera, Secretar\u00eda de Turismo, Conagua y los alcaldes de la sierra, con la finalidad de externar la preocupaci\u00f3n por el cuidado del medio ambiente.&nbsp;<\/p>\n\n\n\n<blockquote class=\"wp-block-quote is-layout-flow wp-block-quote-is-layout-flow\"><p>\u201cEstuvimos detectando algunas actividades que eran de cuatrimotos, que estaremos invit\u00e1ndolos. Lo que hicimos con la Secretar\u00eda de Desarrollo Sustentable, se les mand\u00f3 un oficio a todos los prestadores de servicio en la Sierra Gorda que no afectaran el medio ambiente a trav\u00e9s de sus actividades\u201d.\u00a0<\/p><\/blockquote>\n\n\n\n<p>En ese sentido, Del Prete, se\u00f1al\u00f3 que as\u00ed como se les da la bienvenida para que visiten la Sierra Gorda, les piden que cuiden \u201cla casa que es de todos\u201d, pues en muchas ocasiones, adem\u00e1s de contaminar, destruyen sembrad\u00edos, atropellan animales.<\/p>\n\n\n\n<blockquote class=\"wp-block-quote is-layout-flow wp-block-quote-is-layout-flow\"><p>\u201cQue tengamos cuidado con eso, porque finalmente estaba ah\u00ed desde antes de que llegaramos nosotros y va a estar despu\u00e9s de que nos vayamos\u201d<\/p><\/blockquote>\n\n\n\n<p>Adelant\u00f3 que pronto sostendr\u00e1 una reuni\u00f3n con la rectora de la Universidad Aut\u00f3noma de Quer\u00e9taro (UAQ), Teresa Garc\u00eda Gasca, en un foro abierto para trabajar y analizar opciones para la regulaci\u00f3n de estos veh\u00edculos en la zona serrana.&nbsp;<\/p>\n","protected":false},"excerpt":{"rendered":"<p>Marco Antonio del Prete Tercero, Secretario de Desarrollo Sustentable (Sedesu), exhort\u00f3 a la regulaci\u00f3n del uso de cuatrimotos y de autos tipo racer en la Sierra Gorda para garantizar el &hellip; <a href=\"https:\/\/a3noticias.com.mx\/sandbox\/2022\/04\/20\/se-busca-regulacion-de-cuatrimotos-y-racer-en-la-sierra-gorda-sedesu\/\" class=\"more-link\">Leer m\u00e1s<\/a><\/p>\n","protected":false},"author":2,"featured_media":20320,"comment_status":"open","ping_status":"open","sticky":false,"template":"","format":"standard","meta":{"_monsterinsights_skip_tracking":false,"_monsterinsights_sitenote_active":false,"_monsterinsights_sitenote_note":"","_monsterinsights_sitenote_category":0,"footnotes":""},"categories":[2],"tags":[],"class_list":["post-20319","post","type-post","status-publish","format-standard","has-post-thumbnail","hentry","category-qro","entry"],"aioseo_notices":[],"_links":{"self":[{"href":"https:\/\/a3noticias.com.mx\/sandbox\/wp-json\/wp\/v2\/posts\/20319","targetHints":{"allow":["GET"]}}],"collection":[{"href":"https:\/\/a3noticias.com.mx\/sandbox\/wp-json\/wp\/v2\/posts"}],"about":[{"href":"https:\/\/a3noticias.com.mx\/sandbox\/wp-json\/wp\/v2\/types\/post"}],"author":[{"embeddable":true,"href":"https:\/\/a3noticias.com.mx\/sandbox\/wp-json\/wp\/v2\/users\/2"}],"replies":[{"embeddable":true,"href":"https:\/\/a3noticias.com.mx\/sandbox\/wp-json\/wp\/v2\/comments?post=20319"}],"version-history":[{"count":1,"href":"https:\/\/a3noticias.com.mx\/sandbox\/wp-json\/wp\/v2\/posts\/20319\/revisions"}],"predecessor-version":[{"id":20321,"href":"https:\/\/a3noticias.com.mx\/sandbox\/wp-json\/wp\/v2\/posts\/20319\/revisions\/20321"}],"wp:featuredmedia":[{"embeddable":true,"href":"https:\/\/a3noticias.com.mx\/sandbox\/wp-json\/wp\/v2\/media\/20320"}],"wp:attachment":[{"href":"https:\/\/a3noticias.com.mx\/sandbox\/wp-json\/wp\/v2\/media?parent=20319"}],"wp:term":[{"taxonomy":"category","embeddable":true,"href":"https:\/\/a3noticias.com.mx\/sandbox\/wp-json\/wp\/v2\/categories?post=20319"},{"taxonomy":"post_tag","embeddable":true,"href":"https:\/\/a3noticias.com.mx\/sandbox\/wp-json\/wp\/v2\/tags?post=20319"}],"curies":[{"name":"wp","href":"https:\/\/api.w.org\/{rel}","templated":true}]}}