{"id":20329,"date":"2022-04-21T10:18:22","date_gmt":"2022-04-21T15:18:22","guid":{"rendered":"https:\/\/a3noticias.com.mx\/sandbox\/?p=20329"},"modified":"2022-04-21T10:18:24","modified_gmt":"2022-04-21T15:18:24","slug":"amlo-revela-que-unidad-elite-de-la-dea-estaba-infiltrada-por-crimen-organizado","status":"publish","type":"post","link":"https:\/\/a3noticias.com.mx\/sandbox\/2022\/04\/21\/amlo-revela-que-unidad-elite-de-la-dea-estaba-infiltrada-por-crimen-organizado\/","title":{"rendered":"AMLO revela que unidad \u00e9lite de la DEA estaba infiltrada por crimen organizado."},"content":{"rendered":"\n<p>El presidente Andr\u00e9s Manuel L\u00f3pez Obrador revel\u00f3 que la unidad antinarc\u00f3ticos de alto nivel de la Agencia Antidrogas de Estados Unidos (DEA, en ingl\u00e9s) estaba infiltrada por el cr\u00edmen organizado y que incluso sus jefes est\u00e1n siendo investigados en Estados Unidos.<\/p>\n\n\n\n<p>Esto luego de que esta semana M\u00e9xico disolvi\u00f3 la unidad antinarc\u00f3ticos, en la que hab\u00eda m\u00e1s de 50 agentes que participan en operativos especiales, como la detenci\u00f3n de Joaqu\u00edn \u00abel Chapo\u00bb Guzm\u00e1n en 2016, y en la que colaboraron por m\u00e1s de 20 a\u00f1os el Gobierno mexicano y la DEA.<\/p>\n\n\n\n<blockquote class=\"wp-block-quote is-layout-flow wp-block-quote-is-layout-flow\"><p>\u201cYa tiene tiempo que se tom\u00f3 la decisi\u00f3n de deshacer este grupo, sigue habiendo cooperaci\u00f3n, pero ese grupo que supuestamente era de muy alto nivel, estrat\u00e9gico, estaba infiltrado y sus jefes est\u00e1n siendo investigados y hay presos de ese grupo\u201d<\/p><\/blockquote>\n\n\n\n<p>Ante las cr\u00edticas de sus opositores, quienes acusaron al Gobierno de M\u00e9xico de cerrar de forma repentina el grupo de cooperaci\u00f3n, durante la conferencia \u201cLa Ma\u00f1anera\u201d, el jefe del Ejecutivo federal apunt\u00f3 que ya no son los tiempos de Felipe Calder\u00f3n, en los que la delincuencia estaba infiltrada en el gobierno y tan es as\u00ed que las armas del operativo R\u00e1pido y furioso fueron usadas en asesinatos.<\/p>\n\n\n\n<blockquote class=\"wp-block-quote is-layout-flow wp-block-quote-is-layout-flow\"><p>\u201cLes falta informaci\u00f3n, eso se hizo hace como un a\u00f1o y se demostr\u00f3 que ese grupo estaba infiltrado por la delincuencia, que inclusive uno de sus jefes est\u00e1 siendo juzgado en Estados Unidos\u201d<\/p><\/blockquote>\n\n\n\n<p>L\u00f3pez Obrador sostuvo que hay buena relaci\u00f3n con el Gobierno de Estados Unidos y pese a esta medida que fue notificada a la DEA en abril de 2021, contin\u00faan las acciones bilaterales de seguridad, pero con respeto a la soberan\u00eda nacional.<\/p>\n\n\n\n<p>En ese sentido, record\u00f3 que M\u00e9xico ya s\u00f3lo admite los agentes&nbsp; \u00abque por ley se permiten\u00bb de la DEA y otras agencias, tras la reforma a la Ley de Seguridad Nacional de diciembre de 2020, que restringe su presencia.<\/p>\n\n\n\n<blockquote class=\"wp-block-quote is-layout-flow wp-block-quote-is-layout-flow\"><p>\u00abNosotros mantenemos cooperaci\u00f3n con organismos internacionales encargados de seguridad, pero procuramos que se respete nuestra soberan\u00eda\u00bb.<\/p><\/blockquote>\n","protected":false},"excerpt":{"rendered":"<p>El presidente Andr\u00e9s Manuel L\u00f3pez Obrador revel\u00f3 que la unidad antinarc\u00f3ticos de alto nivel de la Agencia Antidrogas de Estados Unidos (DEA, en ingl\u00e9s) estaba infiltrada por el cr\u00edmen organizado &hellip; <a href=\"https:\/\/a3noticias.com.mx\/sandbox\/2022\/04\/21\/amlo-revela-que-unidad-elite-de-la-dea-estaba-infiltrada-por-crimen-organizado\/\" class=\"more-link\">Leer m\u00e1s<\/a><\/p>\n","protected":false},"author":2,"featured_media":20330,"comment_status":"open","ping_status":"open","sticky":false,"template":"","format":"standard","meta":{"_monsterinsights_skip_tracking":false,"_monsterinsights_sitenote_active":false,"_monsterinsights_sitenote_note":"","_monsterinsights_sitenote_category":0,"footnotes":""},"categories":[3],"tags":[],"class_list":["post-20329","post","type-post","status-publish","format-standard","has-post-thumbnail","hentry","category-nal","entry"],"aioseo_notices":[],"_links":{"self":[{"href":"https:\/\/a3noticias.com.mx\/sandbox\/wp-json\/wp\/v2\/posts\/20329","targetHints":{"allow":["GET"]}}],"collection":[{"href":"https:\/\/a3noticias.com.mx\/sandbox\/wp-json\/wp\/v2\/posts"}],"about":[{"href":"https:\/\/a3noticias.com.mx\/sandbox\/wp-json\/wp\/v2\/types\/post"}],"author":[{"embeddable":true,"href":"https:\/\/a3noticias.com.mx\/sandbox\/wp-json\/wp\/v2\/users\/2"}],"replies":[{"embeddable":true,"href":"https:\/\/a3noticias.com.mx\/sandbox\/wp-json\/wp\/v2\/comments?post=20329"}],"version-history":[{"count":1,"href":"https:\/\/a3noticias.com.mx\/sandbox\/wp-json\/wp\/v2\/posts\/20329\/revisions"}],"predecessor-version":[{"id":20331,"href":"https:\/\/a3noticias.com.mx\/sandbox\/wp-json\/wp\/v2\/posts\/20329\/revisions\/20331"}],"wp:featuredmedia":[{"embeddable":true,"href":"https:\/\/a3noticias.com.mx\/sandbox\/wp-json\/wp\/v2\/media\/20330"}],"wp:attachment":[{"href":"https:\/\/a3noticias.com.mx\/sandbox\/wp-json\/wp\/v2\/media?parent=20329"}],"wp:term":[{"taxonomy":"category","embeddable":true,"href":"https:\/\/a3noticias.com.mx\/sandbox\/wp-json\/wp\/v2\/categories?post=20329"},{"taxonomy":"post_tag","embeddable":true,"href":"https:\/\/a3noticias.com.mx\/sandbox\/wp-json\/wp\/v2\/tags?post=20329"}],"curies":[{"name":"wp","href":"https:\/\/api.w.org\/{rel}","templated":true}]}}