{"id":20341,"date":"2022-04-21T11:41:38","date_gmt":"2022-04-21T16:41:38","guid":{"rendered":"https:\/\/a3noticias.com.mx\/sandbox\/?p=20341"},"modified":"2022-04-21T11:42:38","modified_gmt":"2022-04-21T16:42:38","slug":"percepcion-de-inseguridad-en-queretaro-es-por-redes-sociales","status":"publish","type":"post","link":"https:\/\/a3noticias.com.mx\/sandbox\/2022\/04\/21\/percepcion-de-inseguridad-en-queretaro-es-por-redes-sociales\/","title":{"rendered":"Percepci\u00f3n de inseguridad en Quer\u00e9taro es por redes sociales: Ferrusca Ortiz."},"content":{"rendered":"\n<p>Luego de que la Encuesta Nacional de Seguridad Urbana (ENSU) realizada por el Instituto Nacional de Estad\u00edstica y Geograf\u00eda (INEGI) diera a conocer que en Quer\u00e9taro, hasta marzo del 2022, el 48% de la poblaci\u00f3n consider\u00f3 que es inseguro vivir en la ciudad, el titular de la Secretar\u00eda de Seguridad P\u00fablica del Municipio de Quer\u00e9taro (SSPMQ), Juan Luis Ferrusca Ortiz, se\u00f1al\u00f3 que la percepci\u00f3n de inseguridad que tienen los queretanos proviene de lo que consumen en redes sociales y medios de comunicaci\u00f3n<\/p>\n\n\n\n<blockquote class=\"wp-block-quote is-layout-flow wp-block-quote-is-layout-flow\"><p>\u201cDe acuerdo a la misma encuesta, la percepci\u00f3n se mide a trav\u00e9s de televisi\u00f3n, de redes sociales, de esta manera la gente recibe la informaci\u00f3n y emite su opini\u00f3n acerca de c\u00f3mo se siente, si \u00fanicamente observa eventos de esta naturaleza, incluso que no son solo de la ciudad, sino tambi\u00e9n de las ciudades vecinas\u201d<\/p><\/blockquote>\n\n\n\n<p>Se\u00f1al\u00f3 que para obtener ese par\u00e1metro se estudian 15 variables, entre ellas el estado de alumbrado p\u00fablico, calles, agua y drenaje. Adem\u00e1s, apunt\u00f3 que la encuesta se puede ver de distintas aristas, una de ellas es hacer la comparaci\u00f3n con el mismo trimestre del a\u00f1o inmediato anterior en el que hay un incremento en la percepci\u00f3n de seguridad.&nbsp;<\/p>\n\n\n\n<p>Dijo que en cuanto a la polic\u00eda hubo un incremento en el desempe\u00f1o y en la confianza en la Polic\u00eda Municipal en la encuesta publicada esta semana.&nbsp;<\/p>\n\n\n\n<blockquote class=\"wp-block-quote is-layout-flow wp-block-quote-is-layout-flow\"><p>\u201cTambi\u00e9n hubo una mejora en la expectativa en cuanto a temas de seguridad y que la expectativa que mejoren las condiciones de seguridad aument\u00f3 un 11%\u201d, manifest\u00f3.&nbsp;<\/p><\/blockquote>\n\n\n\n<p>Respecto a los hechos ocurridos en d\u00edas y semanas pasadas donde el actuar de los polic\u00edas es cuestionado por la ciudadan\u00eda, el funcionario se\u00f1al\u00f3 que esto no obedece a fallas en capacitaci\u00f3n o protocolos, sino en la toma de decisiones de los propios elementos.<\/p>\n","protected":false},"excerpt":{"rendered":"<p>Luego de que la Encuesta Nacional de Seguridad Urbana (ENSU) realizada por el Instituto Nacional de Estad\u00edstica y Geograf\u00eda (INEGI) diera a conocer que en Quer\u00e9taro, hasta marzo del 2022, &hellip; <a href=\"https:\/\/a3noticias.com.mx\/sandbox\/2022\/04\/21\/percepcion-de-inseguridad-en-queretaro-es-por-redes-sociales\/\" class=\"more-link\">Leer m\u00e1s<\/a><\/p>\n","protected":false},"author":2,"featured_media":18426,"comment_status":"open","ping_status":"open","sticky":false,"template":"","format":"standard","meta":{"_monsterinsights_skip_tracking":false,"_monsterinsights_sitenote_active":false,"_monsterinsights_sitenote_note":"","_monsterinsights_sitenote_category":0,"footnotes":""},"categories":[2,11],"tags":[],"class_list":["post-20341","post","type-post","status-publish","format-standard","has-post-thumbnail","hentry","category-qro","category-seg","entry"],"aioseo_notices":[],"_links":{"self":[{"href":"https:\/\/a3noticias.com.mx\/sandbox\/wp-json\/wp\/v2\/posts\/20341","targetHints":{"allow":["GET"]}}],"collection":[{"href":"https:\/\/a3noticias.com.mx\/sandbox\/wp-json\/wp\/v2\/posts"}],"about":[{"href":"https:\/\/a3noticias.com.mx\/sandbox\/wp-json\/wp\/v2\/types\/post"}],"author":[{"embeddable":true,"href":"https:\/\/a3noticias.com.mx\/sandbox\/wp-json\/wp\/v2\/users\/2"}],"replies":[{"embeddable":true,"href":"https:\/\/a3noticias.com.mx\/sandbox\/wp-json\/wp\/v2\/comments?post=20341"}],"version-history":[{"count":2,"href":"https:\/\/a3noticias.com.mx\/sandbox\/wp-json\/wp\/v2\/posts\/20341\/revisions"}],"predecessor-version":[{"id":20343,"href":"https:\/\/a3noticias.com.mx\/sandbox\/wp-json\/wp\/v2\/posts\/20341\/revisions\/20343"}],"wp:featuredmedia":[{"embeddable":true,"href":"https:\/\/a3noticias.com.mx\/sandbox\/wp-json\/wp\/v2\/media\/18426"}],"wp:attachment":[{"href":"https:\/\/a3noticias.com.mx\/sandbox\/wp-json\/wp\/v2\/media?parent=20341"}],"wp:term":[{"taxonomy":"category","embeddable":true,"href":"https:\/\/a3noticias.com.mx\/sandbox\/wp-json\/wp\/v2\/categories?post=20341"},{"taxonomy":"post_tag","embeddable":true,"href":"https:\/\/a3noticias.com.mx\/sandbox\/wp-json\/wp\/v2\/tags?post=20341"}],"curies":[{"name":"wp","href":"https:\/\/api.w.org\/{rel}","templated":true}]}}