{"id":20355,"date":"2022-04-21T15:17:59","date_gmt":"2022-04-21T20:17:59","guid":{"rendered":"https:\/\/a3noticias.com.mx\/sandbox\/?p=20355"},"modified":"2022-04-21T15:18:00","modified_gmt":"2022-04-21T20:18:00","slug":"nava-participo-en-reunion-especial-del-consejo-economico-y-social-de-la-onu","status":"publish","type":"post","link":"https:\/\/a3noticias.com.mx\/sandbox\/2022\/04\/21\/nava-participo-en-reunion-especial-del-consejo-economico-y-social-de-la-onu\/","title":{"rendered":"Nava particip\u00f3 en reuni\u00f3n especial del Consejo Econ\u00f3mico y Social de la ONU."},"content":{"rendered":"\n<p>El presidente Municipal de Quer\u00e9taro, Luis Bernardo Nava, particip\u00f3 en la reuni\u00f3n especial del Consejo Econ\u00f3mico y Social de la Organizaci\u00f3n de las Naciones Unidas (ONU), en Nueva York, donde propuso acciones para que, desde los gobiernos municipales, se mejore la calidad de vida de sus habitantes y se trabaje en el desarrollo de las ciudades.<\/p>\n\n\n\n<p>Durante su participaci\u00f3n, el alcalde plante\u00f3 las acciones que se han llevado a cabo en la capital queretana con la finalidad de reducir las desigualdades y el rezago, pues asegur\u00f3 que los gobiernos locales son factor indispensable en la reducci\u00f3n de las brechas de desigualdad.<\/p>\n\n\n\n<p>Entre las acciones destac\u00f3 el programa \u201cCon Ellas\u201d y la pr\u00f3xima \u201cUniversidad de la Mujer\u201d en el tema de la desigualdad que enfrentan las mujeres; respecto a la atenci\u00f3n de las personas en situaci\u00f3n de calle, habl\u00f3 de \u201cHogar de Transici\u00f3n\u201d; \u201cM\u00e9dico Contigo\u201d acerca de la atenci\u00f3n especial a la salud de los adultos mayores y grupos vulnerables; as\u00ed como las pruebas COVID y ox\u00edmetros a domicilio y el pr\u00e9stamo de concentradores de ox\u00edgeno.<\/p>\n\n\n\n<p>Detall\u00f3 que que en el \u00e1mbito digital y tecnol\u00f3gico se crear\u00e1 un Centro de Innovaci\u00f3n y Creatividad con el que se posibilitar\u00e1 el acceso a las nuevas tecnolog\u00edas a quienes hoy no tienen esa oportunidad.<\/p>\n\n\n\n<p>El alcalde recomend\u00f3 a los organismos internacionales hacer m\u00e1s \u00e1giles y claros los procesos para que los gobiernos locales accedan a financiamiento.&nbsp;<\/p>\n\n\n\n<blockquote class=\"wp-block-quote is-layout-flow wp-block-quote-is-layout-flow\"><p>\u201cCreemos que lo m\u00e1s importante de esta agenda, de la Nueva Agenda Urbana, es lograr una pol\u00edtica p\u00fablica humanista, que vaya del ideal com\u00fan global a lo local y que aprendamos de las mejores pr\u00e1cticas locales a nivel mundial. En Quer\u00e9taro estamos trabajando para lograrlo. Estamos convencidos de que s\u00ed es posible lograr que nadie se quede atr\u00e1s. Estamos seguros que desde los municipios podemos hacer la diferencia y mejorar nuestro mundo, el mundo que todos queremos\u201d, concluy\u00f3.<\/p><\/blockquote>\n","protected":false},"excerpt":{"rendered":"<p>El presidente Municipal de Quer\u00e9taro, Luis Bernardo Nava, particip\u00f3 en la reuni\u00f3n especial del Consejo Econ\u00f3mico y Social de la Organizaci\u00f3n de las Naciones Unidas (ONU), en Nueva York, donde &hellip; <a href=\"https:\/\/a3noticias.com.mx\/sandbox\/2022\/04\/21\/nava-participo-en-reunion-especial-del-consejo-economico-y-social-de-la-onu\/\" class=\"more-link\">Leer m\u00e1s<\/a><\/p>\n","protected":false},"author":2,"featured_media":20356,"comment_status":"open","ping_status":"open","sticky":false,"template":"","format":"standard","meta":{"_monsterinsights_skip_tracking":false,"_monsterinsights_sitenote_active":false,"_monsterinsights_sitenote_note":"","_monsterinsights_sitenote_category":0,"footnotes":""},"categories":[2],"tags":[],"class_list":["post-20355","post","type-post","status-publish","format-standard","has-post-thumbnail","hentry","category-qro","entry"],"aioseo_notices":[],"_links":{"self":[{"href":"https:\/\/a3noticias.com.mx\/sandbox\/wp-json\/wp\/v2\/posts\/20355","targetHints":{"allow":["GET"]}}],"collection":[{"href":"https:\/\/a3noticias.com.mx\/sandbox\/wp-json\/wp\/v2\/posts"}],"about":[{"href":"https:\/\/a3noticias.com.mx\/sandbox\/wp-json\/wp\/v2\/types\/post"}],"author":[{"embeddable":true,"href":"https:\/\/a3noticias.com.mx\/sandbox\/wp-json\/wp\/v2\/users\/2"}],"replies":[{"embeddable":true,"href":"https:\/\/a3noticias.com.mx\/sandbox\/wp-json\/wp\/v2\/comments?post=20355"}],"version-history":[{"count":1,"href":"https:\/\/a3noticias.com.mx\/sandbox\/wp-json\/wp\/v2\/posts\/20355\/revisions"}],"predecessor-version":[{"id":20357,"href":"https:\/\/a3noticias.com.mx\/sandbox\/wp-json\/wp\/v2\/posts\/20355\/revisions\/20357"}],"wp:featuredmedia":[{"embeddable":true,"href":"https:\/\/a3noticias.com.mx\/sandbox\/wp-json\/wp\/v2\/media\/20356"}],"wp:attachment":[{"href":"https:\/\/a3noticias.com.mx\/sandbox\/wp-json\/wp\/v2\/media?parent=20355"}],"wp:term":[{"taxonomy":"category","embeddable":true,"href":"https:\/\/a3noticias.com.mx\/sandbox\/wp-json\/wp\/v2\/categories?post=20355"},{"taxonomy":"post_tag","embeddable":true,"href":"https:\/\/a3noticias.com.mx\/sandbox\/wp-json\/wp\/v2\/tags?post=20355"}],"curies":[{"name":"wp","href":"https:\/\/api.w.org\/{rel}","templated":true}]}}