{"id":20361,"date":"2022-04-21T16:51:07","date_gmt":"2022-04-21T21:51:07","guid":{"rendered":"https:\/\/a3noticias.com.mx\/sandbox\/?p=20361"},"modified":"2022-04-21T16:51:08","modified_gmt":"2022-04-21T21:51:08","slug":"mujer-agredida-en-juriquilla-ya-esta-recibiendo-atencion-fiscal-general","status":"publish","type":"post","link":"https:\/\/a3noticias.com.mx\/sandbox\/2022\/04\/21\/mujer-agredida-en-juriquilla-ya-esta-recibiendo-atencion-fiscal-general\/","title":{"rendered":"Mujer agredida en Juriquilla ya est\u00e1 recibiendo atenci\u00f3n: Fiscal General."},"content":{"rendered":"\n<p>Luego de que se reportara, a trav\u00e9s de redes sociales, la falta de atenci\u00f3n en al menos tres unidades de la Fiscal\u00eda General del Estado, al solicitarles atender a una mujer que fue golpeada y amenazada en&nbsp; un fraccionamiento Juriquilla, el fiscal Alejandro Echeverr\u00eda Cornejo, que la v\u00edctima ya se present\u00f3 a la Unidad IV y se la ha brindado la atenci\u00f3n correspondiente.&nbsp;<\/p>\n\n\n\n<p>En ese sentido, Echever\u00eda se\u00f1al\u00f3 que se realizar\u00e1 alg\u00fan procedimiento administrativo para indagar la presunta falta de atenci\u00f3n por las tres unidades para tomar acciones al respecto y confirm\u00f3 que ya se inici\u00f3 la investigaci\u00f3n.<\/p>\n\n\n\n<blockquote class=\"wp-block-quote is-layout-flow wp-block-quote-is-layout-flow\"><p>\u201cNo solo vamos a tomar las acciones para resolver el tema y atenderla de manera inmediata, con los protocolos que esto conlleva, y respecto a si fue o no atendida anteriormente o el d\u00eda de ayer por supuesto que iniciaremos un proceso de car\u00e1cter interno con la finalidad de ver cu\u00e1l fue esta falta de atenci\u00f3n y tomar cartas en el asunto\u201d.<\/p><\/blockquote>\n\n\n\n<p>El Fiscal apunt\u00f3 que, tal como lo expres\u00f3 Mauricio Kuri Gonz\u00e1lez, gobernador de Quer\u00e9taro, la prioridad es atender a todas las mujeres, principalmente aquellas que han manifestado que han sido v\u00edctimas de violencia.<\/p>\n\n\n\n<blockquote class=\"wp-block-quote is-layout-flow wp-block-quote-is-layout-flow\"><p>\u201cLa instrucci\u00f3n que yo siempre he dado ha sido en ese sentido, entonces de alguna manera tomaremos cartas en el asunto\u201d.<\/p><\/blockquote>\n\n\n\n<p>A pregunta expresa sobre si la atenci\u00f3n se otorg\u00f3 tras el llamado del gobernador, precis\u00f3 que se busc\u00f3 acercamiento con la v\u00edctima de manera previa para poderla atender.<\/p>\n","protected":false},"excerpt":{"rendered":"<p>Luego de que se reportara, a trav\u00e9s de redes sociales, la falta de atenci\u00f3n en al menos tres unidades de la Fiscal\u00eda General del Estado, al solicitarles atender a una &hellip; <a href=\"https:\/\/a3noticias.com.mx\/sandbox\/2022\/04\/21\/mujer-agredida-en-juriquilla-ya-esta-recibiendo-atencion-fiscal-general\/\" class=\"more-link\">Leer m\u00e1s<\/a><\/p>\n","protected":false},"author":2,"featured_media":20362,"comment_status":"open","ping_status":"open","sticky":false,"template":"","format":"standard","meta":{"_monsterinsights_skip_tracking":false,"_monsterinsights_sitenote_active":false,"_monsterinsights_sitenote_note":"","_monsterinsights_sitenote_category":0,"footnotes":""},"categories":[2,11],"tags":[],"class_list":["post-20361","post","type-post","status-publish","format-standard","has-post-thumbnail","hentry","category-qro","category-seg","entry"],"aioseo_notices":[],"_links":{"self":[{"href":"https:\/\/a3noticias.com.mx\/sandbox\/wp-json\/wp\/v2\/posts\/20361","targetHints":{"allow":["GET"]}}],"collection":[{"href":"https:\/\/a3noticias.com.mx\/sandbox\/wp-json\/wp\/v2\/posts"}],"about":[{"href":"https:\/\/a3noticias.com.mx\/sandbox\/wp-json\/wp\/v2\/types\/post"}],"author":[{"embeddable":true,"href":"https:\/\/a3noticias.com.mx\/sandbox\/wp-json\/wp\/v2\/users\/2"}],"replies":[{"embeddable":true,"href":"https:\/\/a3noticias.com.mx\/sandbox\/wp-json\/wp\/v2\/comments?post=20361"}],"version-history":[{"count":1,"href":"https:\/\/a3noticias.com.mx\/sandbox\/wp-json\/wp\/v2\/posts\/20361\/revisions"}],"predecessor-version":[{"id":20363,"href":"https:\/\/a3noticias.com.mx\/sandbox\/wp-json\/wp\/v2\/posts\/20361\/revisions\/20363"}],"wp:featuredmedia":[{"embeddable":true,"href":"https:\/\/a3noticias.com.mx\/sandbox\/wp-json\/wp\/v2\/media\/20362"}],"wp:attachment":[{"href":"https:\/\/a3noticias.com.mx\/sandbox\/wp-json\/wp\/v2\/media?parent=20361"}],"wp:term":[{"taxonomy":"category","embeddable":true,"href":"https:\/\/a3noticias.com.mx\/sandbox\/wp-json\/wp\/v2\/categories?post=20361"},{"taxonomy":"post_tag","embeddable":true,"href":"https:\/\/a3noticias.com.mx\/sandbox\/wp-json\/wp\/v2\/tags?post=20361"}],"curies":[{"name":"wp","href":"https:\/\/api.w.org\/{rel}","templated":true}]}}