{"id":20378,"date":"2022-04-22T10:07:59","date_gmt":"2022-04-22T15:07:59","guid":{"rendered":"https:\/\/a3noticias.com.mx\/sandbox\/?p=20378"},"modified":"2022-04-22T10:07:59","modified_gmt":"2022-04-22T15:07:59","slug":"gobierno-federal-dice-que-si-familia-de-debanhi-lo-pide-fgr-podria-atraer-el-caso","status":"publish","type":"post","link":"https:\/\/a3noticias.com.mx\/sandbox\/2022\/04\/22\/gobierno-federal-dice-que-si-familia-de-debanhi-lo-pide-fgr-podria-atraer-el-caso\/","title":{"rendered":"Gobierno federal dice que si familia de Debanhi lo pide, FGR podr\u00eda atraer el caso."},"content":{"rendered":"\n<p>Luego de que el padre de Debanhi, la joven desaparecida \u200b\u200bdesde el 9 de abril en Nuevo Le\u00f3n, confirmara que el cuerpo encontrado al interior de una cisterna de un motel, era el de su hija, el presidente Andr\u00e9s Manuel L\u00f3pez Obrador pidi\u00f3 esta ma\u00f1ana que las autoridades del estado realicen una investigaci\u00f3n sobre la muerte de la joven anteponiendo la verdad, pues \u201cse debe llegar al fondo del caso\u201d.<\/p>\n\n\n\n<blockquote class=\"wp-block-quote is-layout-flow wp-block-quote-is-layout-flow\"><p>\u201cQue no quede ninguna duda sobre lo que realmente sucedi\u00f3 y es posible siempre aclarar todo, poniendo por delante la verdad, el no mentir y dar toda la informaci\u00f3n\u201d.<\/p><\/blockquote>\n\n\n\n<p>En ese sentido, el mandatario federal detall\u00f3 que actualmente la investigaci\u00f3n del caso est\u00e1 a cargo de la Fiscal\u00eda General del Estado de Nuevo Le\u00f3n; sin embargo, ofreci\u00f3 el apoyo del gobierno federal en las indagatorias.&nbsp;<\/p>\n\n\n\n<blockquote class=\"wp-block-quote is-layout-flow wp-block-quote-is-layout-flow\"><p>\u00abEn este caso aunque corresponde al gobierno del estado, ya lo est\u00e1 tratando desde hace tiempo, desde la desaparici\u00f3n, ellos est\u00e1n a cargo de todo el proceso, nosotros estamos expresando nuestro deseo de que se aclare lo que sucedi\u00f3 y sin adelantar juicios ayudar en la investigaci\u00f3n si lo solicita el gobierno de Nuevo Le\u00f3n.\u00a0<\/p><\/blockquote>\n\n\n\n<p>Por su parte, Ricardo Mej\u00eda Berdeja, Sub Secretario de Seguridad P\u00fablica de la Secretar\u00eda de Seguridad y Protecci\u00f3n Ciudadana, se\u00f1al\u00f3 que las autoridades de Nuevo Le\u00f3n no han solicitado ayuda formal al gobierno federal por el caso de Debanhi. Sin embargo, el gobierno federal ha ofrecido su ayuda en el caso.<\/p>\n\n\n\n<p>El jefe del Ejecutivo dijo que los indicadores de feminicidios s\u00ed prenden las alertas, pero que ya est\u00e1 trabajando en atender el problema, asimismo neg\u00f3 que Nuevo Le\u00f3n sea un foco rojo en homicidios.<\/p>\n","protected":false},"excerpt":{"rendered":"<p>Luego de que el padre de Debanhi, la joven desaparecida \u200b\u200bdesde el 9 de abril en Nuevo Le\u00f3n, confirmara que el cuerpo encontrado al interior de una cisterna de un &hellip; <a href=\"https:\/\/a3noticias.com.mx\/sandbox\/2022\/04\/22\/gobierno-federal-dice-que-si-familia-de-debanhi-lo-pide-fgr-podria-atraer-el-caso\/\" class=\"more-link\">Leer m\u00e1s<\/a><\/p>\n","protected":false},"author":2,"featured_media":20379,"comment_status":"open","ping_status":"open","sticky":false,"template":"","format":"standard","meta":{"_monsterinsights_skip_tracking":false,"_monsterinsights_sitenote_active":false,"_monsterinsights_sitenote_note":"","_monsterinsights_sitenote_category":0,"footnotes":""},"categories":[1],"tags":[],"class_list":["post-20378","post","type-post","status-publish","format-standard","has-post-thumbnail","hentry","category-uncategorized","entry"],"aioseo_notices":[],"_links":{"self":[{"href":"https:\/\/a3noticias.com.mx\/sandbox\/wp-json\/wp\/v2\/posts\/20378","targetHints":{"allow":["GET"]}}],"collection":[{"href":"https:\/\/a3noticias.com.mx\/sandbox\/wp-json\/wp\/v2\/posts"}],"about":[{"href":"https:\/\/a3noticias.com.mx\/sandbox\/wp-json\/wp\/v2\/types\/post"}],"author":[{"embeddable":true,"href":"https:\/\/a3noticias.com.mx\/sandbox\/wp-json\/wp\/v2\/users\/2"}],"replies":[{"embeddable":true,"href":"https:\/\/a3noticias.com.mx\/sandbox\/wp-json\/wp\/v2\/comments?post=20378"}],"version-history":[{"count":1,"href":"https:\/\/a3noticias.com.mx\/sandbox\/wp-json\/wp\/v2\/posts\/20378\/revisions"}],"predecessor-version":[{"id":20380,"href":"https:\/\/a3noticias.com.mx\/sandbox\/wp-json\/wp\/v2\/posts\/20378\/revisions\/20380"}],"wp:featuredmedia":[{"embeddable":true,"href":"https:\/\/a3noticias.com.mx\/sandbox\/wp-json\/wp\/v2\/media\/20379"}],"wp:attachment":[{"href":"https:\/\/a3noticias.com.mx\/sandbox\/wp-json\/wp\/v2\/media?parent=20378"}],"wp:term":[{"taxonomy":"category","embeddable":true,"href":"https:\/\/a3noticias.com.mx\/sandbox\/wp-json\/wp\/v2\/categories?post=20378"},{"taxonomy":"post_tag","embeddable":true,"href":"https:\/\/a3noticias.com.mx\/sandbox\/wp-json\/wp\/v2\/tags?post=20378"}],"curies":[{"name":"wp","href":"https:\/\/api.w.org\/{rel}","templated":true}]}}